{"id":109812,"date":"2015-08-13T11:46:25","date_gmt":"2015-08-13T10:46:25","guid":{"rendered":"http:\/\/gsara.tv\/charleroi\/?p=109812"},"modified":"2018-07-10T12:25:43","modified_gmt":"2018-07-10T11:25:43","slug":"presentation-des-cliches-realises-avec-la-maison-de-repos-de-gilly","status":"publish","type":"post","link":"https:\/\/gsara.tv\/charleroi\/presentation-des-cliches-realises-avec-la-maison-de-repos-de-gilly\/","title":{"rendered":"Pr\u00e9sentation des clich\u00e9s r\u00e9alis\u00e9s avec la maison de repos de Gilly"},"content":{"rendered":"<p>Nous avions d\u00e9j\u00e0 \u00e9voqu\u00e9 avec vous&nbsp;<span style=\"color: #ff0000;\"><a style=\"color: #ff0000;\" href=\"https:\/\/gsara.tv\/charleroi\/?p=105492\" target=\"_blank\" rel=\"noopener\">ICI<\/a><\/span>&nbsp;le travail entrepris, lors de notre atelier photo, avec les dynamiques et enthousiastes r\u00e9sidents de Gilly&#8230;<\/p>\n<p>Ainsi, apr\u00e8s les objets voyageurs et le grenier reggae, clich\u00e9s dans lesquels les participants nous raconte un peu d&rsquo;eux-m\u00eame en image, nous avons par la suite franchi le pas de se mettre en tant que personnes devant l&rsquo;objectif.<!--more--><br \/>\n&nbsp;<\/p>\n<h1>Objets du pass\u00e9 qui ont \u00e9volu\u00e9<\/h1>\n<p>&nbsp;<br \/>\nToujours dans l&rsquo;id\u00e9e de prendre la mesure du temps \u00e9coul\u00e9, le dispositif suivant est une mise en abime photographique du temps qui a pass\u00e9. Chaque participant nous pr\u00e9sente un objet domestique et technologique qu&rsquo;il a bien connu et <a href=\"https:\/\/www.thinglink.com\/scene\/687979103860555776\" target=\"_blank\" rel=\"noopener\">nous en parle<\/a>.&nbsp; Cette pr\u00e9sentation en deux cadres imbriqu\u00e9 est alors reprise en photo devant l&rsquo;objet en question version 2015 : double mise en abyme ! Nous jouons sur la couleur et le noir &amp; blanc pour rendre la lecture plus \u00e9vidente.<\/p>\n<p><a href=\"http:\/\/gsara.tv\/charleroi\/wp-content\/uploads\/2015\/08\/fer.jpg\" rel=\"lightbox[109812]\"><img data-attachment-id=\"109813\" data-permalink=\"https:\/\/gsara.tv\/charleroi\/presentation-des-cliches-realises-avec-la-maison-de-repos-de-gilly\/fer\/\" data-orig-file=\"https:\/\/gsara.tv\/charleroi\/wp-content\/uploads\/2015\/08\/fer.jpg\" data-orig-size=\"3488,2616\" data-comments-opened=\"0\" data-image-meta=\"{&quot;aperture&quot;:&quot;3.7&quot;,&quot;credit&quot;:&quot;&quot;,&quot;camera&quot;:&quot;FinePix S9600&quot;,&quot;caption&quot;:&quot;&quot;,&quot;created_timestamp&quot;:&quot;1136074742&quot;,&quot;copyright&quot;:&quot;&quot;,&quot;focal_length&quot;:&quot;17&quot;,&quot;iso&quot;:&quot;400&quot;,&quot;shutter_speed&quot;:&quot;0.05&quot;,&quot;title&quot;:&quot;&quot;,&quot;orientation&quot;:&quot;1&quot;}\" data-image-title=\"fer\" data-image-description=\"\" data-image-caption=\"\" data-medium-file=\"https:\/\/gsara.tv\/charleroi\/wp-content\/uploads\/2015\/08\/fer-300x225.jpg\" data-large-file=\"https:\/\/gsara.tv\/charleroi\/wp-content\/uploads\/2015\/08\/fer-1024x768.jpg\" decoding=\"async\" loading=\"lazy\" class=\"alignleft size-thumbnail wp-image-109813\" src=\"http:\/\/gsara.tv\/charleroi\/wp-content\/uploads\/2015\/08\/fer-150x150.jpg\" alt=\"fer\" width=\"150\" height=\"150\" srcset=\"https:\/\/gsara.tv\/charleroi\/wp-content\/uploads\/2015\/08\/fer-150x150.jpg 150w, https:\/\/gsara.tv\/charleroi\/wp-content\/uploads\/2015\/08\/fer-144x144.jpg 144w\" sizes=\"(max-width: 150px) 100vw, 150px\" \/><\/a> <a href=\"http:\/\/gsara.tv\/charleroi\/wp-content\/uploads\/2015\/08\/machine-\u00e0-laver.jpg\" rel=\"lightbox[109812]\"><img data-attachment-id=\"109814\" data-permalink=\"https:\/\/gsara.tv\/charleroi\/presentation-des-cliches-realises-avec-la-maison-de-repos-de-gilly\/machine-a-laver\/\" data-orig-file=\"https:\/\/gsara.tv\/charleroi\/wp-content\/uploads\/2015\/08\/machine-\u00e0-laver.jpg\" data-orig-size=\"3488,2616\" data-comments-opened=\"0\" data-image-meta=\"{&quot;aperture&quot;:&quot;3.6&quot;,&quot;credit&quot;:&quot;&quot;,&quot;camera&quot;:&quot;FinePix S9600&quot;,&quot;caption&quot;:&quot;&quot;,&quot;created_timestamp&quot;:&quot;1136076235&quot;,&quot;copyright&quot;:&quot;&quot;,&quot;focal_length&quot;:&quot;14&quot;,&quot;iso&quot;:&quot;400&quot;,&quot;shutter_speed&quot;:&quot;0.04&quot;,&quot;title&quot;:&quot;&quot;,&quot;orientation&quot;:&quot;1&quot;}\" data-image-title=\"machine \u00e0 laver\" data-image-description=\"\" data-image-caption=\"\" data-medium-file=\"https:\/\/gsara.tv\/charleroi\/wp-content\/uploads\/2015\/08\/machine-\u00e0-laver-300x225.jpg\" data-large-file=\"https:\/\/gsara.tv\/charleroi\/wp-content\/uploads\/2015\/08\/machine-\u00e0-laver-1024x768.jpg\" decoding=\"async\" loading=\"lazy\" class=\"alignleft size-thumbnail wp-image-109814\" src=\"http:\/\/gsara.tv\/charleroi\/wp-content\/uploads\/2015\/08\/machine-\u00e0-laver-150x150.jpg\" alt=\"machine \u00e0 laver\" width=\"150\" height=\"150\" srcset=\"https:\/\/gsara.tv\/charleroi\/wp-content\/uploads\/2015\/08\/machine-\u00e0-laver-150x150.jpg 150w, https:\/\/gsara.tv\/charleroi\/wp-content\/uploads\/2015\/08\/machine-\u00e0-laver-144x144.jpg 144w\" sizes=\"(max-width: 150px) 100vw, 150px\" \/><\/a> <a href=\"http:\/\/gsara.tv\/charleroi\/wp-content\/uploads\/2015\/08\/machine-coudre.jpg\" rel=\"lightbox[109812]\"><img data-attachment-id=\"109815\" data-permalink=\"https:\/\/gsara.tv\/charleroi\/presentation-des-cliches-realises-avec-la-maison-de-repos-de-gilly\/machine-coudre\/\" data-orig-file=\"https:\/\/gsara.tv\/charleroi\/wp-content\/uploads\/2015\/08\/machine-coudre.jpg\" data-orig-size=\"3488,2616\" data-comments-opened=\"0\" data-image-meta=\"{&quot;aperture&quot;:&quot;3.7&quot;,&quot;credit&quot;:&quot;&quot;,&quot;camera&quot;:&quot;FinePix S9600&quot;,&quot;caption&quot;:&quot;&quot;,&quot;created_timestamp&quot;:&quot;1136074630&quot;,&quot;copyright&quot;:&quot;&quot;,&quot;focal_length&quot;:&quot;17&quot;,&quot;iso&quot;:&quot;400&quot;,&quot;shutter_speed&quot;:&quot;0.037037037037037&quot;,&quot;title&quot;:&quot;&quot;,&quot;orientation&quot;:&quot;1&quot;}\" data-image-title=\"machine coudre\" data-image-description=\"\" data-image-caption=\"\" data-medium-file=\"https:\/\/gsara.tv\/charleroi\/wp-content\/uploads\/2015\/08\/machine-coudre-300x225.jpg\" data-large-file=\"https:\/\/gsara.tv\/charleroi\/wp-content\/uploads\/2015\/08\/machine-coudre-1024x768.jpg\" decoding=\"async\" loading=\"lazy\" class=\"alignleft size-thumbnail wp-image-109815\" src=\"http:\/\/gsara.tv\/charleroi\/wp-content\/uploads\/2015\/08\/machine-coudre-150x150.jpg\" alt=\"machine coudre\" width=\"150\" height=\"150\" srcset=\"https:\/\/gsara.tv\/charleroi\/wp-content\/uploads\/2015\/08\/machine-coudre-150x150.jpg 150w, https:\/\/gsara.tv\/charleroi\/wp-content\/uploads\/2015\/08\/machine-coudre-144x144.jpg 144w\" sizes=\"(max-width: 150px) 100vw, 150px\" \/><\/a> <a href=\"http:\/\/gsara.tv\/charleroi\/wp-content\/uploads\/2015\/08\/machineaecrire.jpg\" rel=\"lightbox[109812]\"><img data-attachment-id=\"109816\" data-permalink=\"https:\/\/gsara.tv\/charleroi\/presentation-des-cliches-realises-avec-la-maison-de-repos-de-gilly\/machineaecrire\/\" data-orig-file=\"https:\/\/gsara.tv\/charleroi\/wp-content\/uploads\/2015\/08\/machineaecrire.jpg\" data-orig-size=\"3488,2616\" data-comments-opened=\"0\" data-image-meta=\"{&quot;aperture&quot;:&quot;3.7&quot;,&quot;credit&quot;:&quot;&quot;,&quot;camera&quot;:&quot;FinePix S9600&quot;,&quot;caption&quot;:&quot;&quot;,&quot;created_timestamp&quot;:&quot;1136074056&quot;,&quot;copyright&quot;:&quot;&quot;,&quot;focal_length&quot;:&quot;15.4&quot;,&quot;iso&quot;:&quot;400&quot;,&quot;shutter_speed&quot;:&quot;0.02&quot;,&quot;title&quot;:&quot;&quot;,&quot;orientation&quot;:&quot;1&quot;}\" data-image-title=\"machineaecrire\" data-image-description=\"\" data-image-caption=\"\" data-medium-file=\"https:\/\/gsara.tv\/charleroi\/wp-content\/uploads\/2015\/08\/machineaecrire-300x225.jpg\" data-large-file=\"https:\/\/gsara.tv\/charleroi\/wp-content\/uploads\/2015\/08\/machineaecrire-1024x768.jpg\" decoding=\"async\" loading=\"lazy\" class=\"alignleft size-thumbnail wp-image-109816\" src=\"http:\/\/gsara.tv\/charleroi\/wp-content\/uploads\/2015\/08\/machineaecrire-150x150.jpg\" alt=\"machineaecrire\" width=\"150\" height=\"150\" srcset=\"https:\/\/gsara.tv\/charleroi\/wp-content\/uploads\/2015\/08\/machineaecrire-150x150.jpg 150w, https:\/\/gsara.tv\/charleroi\/wp-content\/uploads\/2015\/08\/machineaecrire-144x144.jpg 144w\" sizes=\"(max-width: 150px) 100vw, 150px\" \/><\/a> <a href=\"http:\/\/gsara.tv\/charleroi\/wp-content\/uploads\/2015\/08\/poelecrapaud.jpg\" rel=\"lightbox[109812]\"><img data-attachment-id=\"109817\" data-permalink=\"https:\/\/gsara.tv\/charleroi\/presentation-des-cliches-realises-avec-la-maison-de-repos-de-gilly\/poelecrapaud\/\" data-orig-file=\"https:\/\/gsara.tv\/charleroi\/wp-content\/uploads\/2015\/08\/poelecrapaud.jpg\" data-orig-size=\"3488,2616\" data-comments-opened=\"0\" data-image-meta=\"{&quot;aperture&quot;:&quot;3.6&quot;,&quot;credit&quot;:&quot;&quot;,&quot;camera&quot;:&quot;FinePix S9600&quot;,&quot;caption&quot;:&quot;&quot;,&quot;created_timestamp&quot;:&quot;1136076128&quot;,&quot;copyright&quot;:&quot;&quot;,&quot;focal_length&quot;:&quot;14&quot;,&quot;iso&quot;:&quot;400&quot;,&quot;shutter_speed&quot;:&quot;0.017241379310345&quot;,&quot;title&quot;:&quot;&quot;,&quot;orientation&quot;:&quot;1&quot;}\" data-image-title=\"poelecrapaud\" data-image-description=\"\" data-image-caption=\"\" data-medium-file=\"https:\/\/gsara.tv\/charleroi\/wp-content\/uploads\/2015\/08\/poelecrapaud-300x225.jpg\" data-large-file=\"https:\/\/gsara.tv\/charleroi\/wp-content\/uploads\/2015\/08\/poelecrapaud-1024x768.jpg\" decoding=\"async\" loading=\"lazy\" class=\"alignleft size-thumbnail wp-image-109817\" src=\"http:\/\/gsara.tv\/charleroi\/wp-content\/uploads\/2015\/08\/poelecrapaud-150x150.jpg\" alt=\"poelecrapaud\" width=\"150\" height=\"150\" srcset=\"https:\/\/gsara.tv\/charleroi\/wp-content\/uploads\/2015\/08\/poelecrapaud-150x150.jpg 150w, https:\/\/gsara.tv\/charleroi\/wp-content\/uploads\/2015\/08\/poelecrapaud-144x144.jpg 144w\" sizes=\"(max-width: 150px) 100vw, 150px\" \/><\/a> <a href=\"http:\/\/gsara.tv\/charleroi\/wp-content\/uploads\/2015\/08\/rasoir.jpg\" rel=\"lightbox[109812]\"><img data-attachment-id=\"109818\" data-permalink=\"https:\/\/gsara.tv\/charleroi\/presentation-des-cliches-realises-avec-la-maison-de-repos-de-gilly\/rasoir\/\" data-orig-file=\"https:\/\/gsara.tv\/charleroi\/wp-content\/uploads\/2015\/08\/rasoir.jpg\" data-orig-size=\"3488,2616\" data-comments-opened=\"0\" data-image-meta=\"{&quot;aperture&quot;:&quot;3.6&quot;,&quot;credit&quot;:&quot;&quot;,&quot;camera&quot;:&quot;FinePix S9600&quot;,&quot;caption&quot;:&quot;&quot;,&quot;created_timestamp&quot;:&quot;1136076300&quot;,&quot;copyright&quot;:&quot;&quot;,&quot;focal_length&quot;:&quot;14&quot;,&quot;iso&quot;:&quot;400&quot;,&quot;shutter_speed&quot;:&quot;0.033333333333333&quot;,&quot;title&quot;:&quot;&quot;,&quot;orientation&quot;:&quot;1&quot;}\" data-image-title=\"rasoir\" data-image-description=\"\" data-image-caption=\"\" data-medium-file=\"https:\/\/gsara.tv\/charleroi\/wp-content\/uploads\/2015\/08\/rasoir-300x225.jpg\" data-large-file=\"https:\/\/gsara.tv\/charleroi\/wp-content\/uploads\/2015\/08\/rasoir-1024x768.jpg\" decoding=\"async\" loading=\"lazy\" class=\"alignleft size-thumbnail wp-image-109818\" src=\"http:\/\/gsara.tv\/charleroi\/wp-content\/uploads\/2015\/08\/rasoir-150x150.jpg\" alt=\"rasoir\" width=\"150\" height=\"150\" srcset=\"https:\/\/gsara.tv\/charleroi\/wp-content\/uploads\/2015\/08\/rasoir-150x150.jpg 150w, https:\/\/gsara.tv\/charleroi\/wp-content\/uploads\/2015\/08\/rasoir-144x144.jpg 144w\" sizes=\"(max-width: 150px) 100vw, 150px\" \/><\/a> <a href=\"http:\/\/gsara.tv\/charleroi\/wp-content\/uploads\/2015\/08\/telephone.jpg\" rel=\"lightbox[109812]\"><img data-attachment-id=\"109819\" data-permalink=\"https:\/\/gsara.tv\/charleroi\/presentation-des-cliches-realises-avec-la-maison-de-repos-de-gilly\/telephone\/\" data-orig-file=\"https:\/\/gsara.tv\/charleroi\/wp-content\/uploads\/2015\/08\/telephone.jpg\" data-orig-size=\"3488,2616\" data-comments-opened=\"0\" data-image-meta=\"{&quot;aperture&quot;:&quot;3.7&quot;,&quot;credit&quot;:&quot;&quot;,&quot;camera&quot;:&quot;FinePix S9600&quot;,&quot;caption&quot;:&quot;&quot;,&quot;created_timestamp&quot;:&quot;1136074384&quot;,&quot;copyright&quot;:&quot;&quot;,&quot;focal_length&quot;:&quot;19&quot;,&quot;iso&quot;:&quot;400&quot;,&quot;shutter_speed&quot;:&quot;0.026315789473684&quot;,&quot;title&quot;:&quot;&quot;,&quot;orientation&quot;:&quot;1&quot;}\" data-image-title=\"telephone\" data-image-description=\"\" data-image-caption=\"\" data-medium-file=\"https:\/\/gsara.tv\/charleroi\/wp-content\/uploads\/2015\/08\/telephone-300x225.jpg\" data-large-file=\"https:\/\/gsara.tv\/charleroi\/wp-content\/uploads\/2015\/08\/telephone-1024x768.jpg\" decoding=\"async\" loading=\"lazy\" class=\"alignleft size-thumbnail wp-image-109819\" src=\"http:\/\/gsara.tv\/charleroi\/wp-content\/uploads\/2015\/08\/telephone-150x150.jpg\" alt=\"telephone\" width=\"150\" height=\"150\" srcset=\"https:\/\/gsara.tv\/charleroi\/wp-content\/uploads\/2015\/08\/telephone-150x150.jpg 150w, https:\/\/gsara.tv\/charleroi\/wp-content\/uploads\/2015\/08\/telephone-144x144.jpg 144w\" sizes=\"(max-width: 150px) 100vw, 150px\" \/><\/a><\/p>\n<p>&nbsp;<\/p>\n<p>&nbsp;<\/p>\n<p>&nbsp;<\/p>\n<p>&nbsp;<\/p>\n<p>&nbsp;<\/p>\n<p>&nbsp;<\/p>\n<p>&nbsp;<\/p>\n<p>&nbsp;<\/p>\n<p>&nbsp;<\/p>\n<p>&nbsp;<\/p>\n<h6>&nbsp;<\/h6>\n<h6>Toujours dans l&rsquo;id\u00e9e de les faire t\u00e9moigner des avanc\u00e9es technologiques de notre monde, ils se sont mis en sc\u00e8ne, avec des objets usuels du pass\u00e9.<br \/>\nNous avions bien besoin, \u00e0 certains moments, qu&rsquo;ils nous expliquent le fonctionnement de ces objets alors nous les avons interview\u00e9, retrouvez souvenirs, anecdotes et explications dans ce ThingLink ci : <span style=\"color: #ff0000;\"><strong><a style=\"color: #ff0000;\" href=\"https:\/\/www.thinglink.com\/scene\/687979103860555776\">Clique ici pour \u00e9couter leurs anecdotes du pass\u00e9 !<\/a><\/strong><\/span><\/h6>\n<h6>Dans la foul\u00e9e et pour faire un parall\u00e8le avec le monde d&rsquo;aujourd&rsquo;hui, retrouvons leurs objets du pass\u00e9 mis en sc\u00e8ne \u00e0 c\u00f4t\u00e9 des m\u00eames objets, mais dans leur version moderne !<\/h6>\n<p><a href=\"http:\/\/gsara.tv\/charleroi\/wp-content\/uploads\/2015\/08\/telephone1.jpg\" rel=\"lightbox[109812]\"><img data-attachment-id=\"109826\" data-permalink=\"https:\/\/gsara.tv\/charleroi\/presentation-des-cliches-realises-avec-la-maison-de-repos-de-gilly\/telephone-2\/\" data-orig-file=\"https:\/\/gsara.tv\/charleroi\/wp-content\/uploads\/2015\/08\/telephone1.jpg\" data-orig-size=\"3488,2616\" data-comments-opened=\"0\" data-image-meta=\"{&quot;aperture&quot;:&quot;3.1&quot;,&quot;credit&quot;:&quot;&quot;,&quot;camera&quot;:&quot;FinePix S9600&quot;,&quot;caption&quot;:&quot;&quot;,&quot;created_timestamp&quot;:&quot;1136077405&quot;,&quot;copyright&quot;:&quot;&quot;,&quot;focal_length&quot;:&quot;8.1&quot;,&quot;iso&quot;:&quot;200&quot;,&quot;shutter_speed&quot;:&quot;0.0045454545454545&quot;,&quot;title&quot;:&quot;&quot;,&quot;orientation&quot;:&quot;1&quot;}\" data-image-title=\"telephone\" data-image-description=\"\" data-image-caption=\"\" data-medium-file=\"https:\/\/gsara.tv\/charleroi\/wp-content\/uploads\/2015\/08\/telephone1-300x225.jpg\" data-large-file=\"https:\/\/gsara.tv\/charleroi\/wp-content\/uploads\/2015\/08\/telephone1-1024x768.jpg\" decoding=\"async\" loading=\"lazy\" class=\"alignleft size-thumbnail wp-image-109826\" src=\"http:\/\/gsara.tv\/charleroi\/wp-content\/uploads\/2015\/08\/telephone1-150x150.jpg\" alt=\"telephone\" width=\"150\" height=\"150\" srcset=\"https:\/\/gsara.tv\/charleroi\/wp-content\/uploads\/2015\/08\/telephone1-150x150.jpg 150w, https:\/\/gsara.tv\/charleroi\/wp-content\/uploads\/2015\/08\/telephone1-144x144.jpg 144w\" sizes=\"(max-width: 150px) 100vw, 150px\" \/><\/a><\/p>\n<p><a href=\"http:\/\/gsara.tv\/charleroi\/wp-content\/uploads\/2015\/08\/fer-\u00e0-repasser.jpg\" rel=\"lightbox[109812]\"><img data-attachment-id=\"109820\" data-permalink=\"https:\/\/gsara.tv\/charleroi\/presentation-des-cliches-realises-avec-la-maison-de-repos-de-gilly\/fer-a-repasser\/\" data-orig-file=\"https:\/\/gsara.tv\/charleroi\/wp-content\/uploads\/2015\/08\/fer-\u00e0-repasser.jpg\" data-orig-size=\"3488,2616\" data-comments-opened=\"0\" data-image-meta=\"{&quot;aperture&quot;:&quot;3.1&quot;,&quot;credit&quot;:&quot;&quot;,&quot;camera&quot;:&quot;FinePix S9600&quot;,&quot;caption&quot;:&quot;&quot;,&quot;created_timestamp&quot;:&quot;1136075595&quot;,&quot;copyright&quot;:&quot;&quot;,&quot;focal_length&quot;:&quot;8.1&quot;,&quot;iso&quot;:&quot;400&quot;,&quot;shutter_speed&quot;:&quot;0.026315789473684&quot;,&quot;title&quot;:&quot;&quot;,&quot;orientation&quot;:&quot;1&quot;}\" data-image-title=\"fer \u00e0 repasser\" data-image-description=\"\" data-image-caption=\"\" data-medium-file=\"https:\/\/gsara.tv\/charleroi\/wp-content\/uploads\/2015\/08\/fer-\u00e0-repasser-300x225.jpg\" data-large-file=\"https:\/\/gsara.tv\/charleroi\/wp-content\/uploads\/2015\/08\/fer-\u00e0-repasser-1024x768.jpg\" decoding=\"async\" loading=\"lazy\" class=\" size-thumbnail wp-image-109820 alignleft\" src=\"http:\/\/gsara.tv\/charleroi\/wp-content\/uploads\/2015\/08\/fer-\u00e0-repasser-150x150.jpg\" alt=\"fer \u00e0 repasser\" width=\"150\" height=\"150\" srcset=\"https:\/\/gsara.tv\/charleroi\/wp-content\/uploads\/2015\/08\/fer-\u00e0-repasser-150x150.jpg 150w, https:\/\/gsara.tv\/charleroi\/wp-content\/uploads\/2015\/08\/fer-\u00e0-repasser-144x144.jpg 144w\" sizes=\"(max-width: 150px) 100vw, 150px\" \/><\/a> <a href=\"http:\/\/gsara.tv\/charleroi\/wp-content\/uploads\/2015\/08\/machine-\u00e0-coudre.jpg\" rel=\"lightbox[109812]\"><img data-attachment-id=\"109821\" data-permalink=\"https:\/\/gsara.tv\/charleroi\/presentation-des-cliches-realises-avec-la-maison-de-repos-de-gilly\/machine-a-coudre\/\" data-orig-file=\"https:\/\/gsara.tv\/charleroi\/wp-content\/uploads\/2015\/08\/machine-\u00e0-coudre.jpg\" data-orig-size=\"2616,3488\" data-comments-opened=\"0\" data-image-meta=\"{&quot;aperture&quot;:&quot;3.1&quot;,&quot;credit&quot;:&quot;&quot;,&quot;camera&quot;:&quot;FinePix S9600&quot;,&quot;caption&quot;:&quot;&quot;,&quot;created_timestamp&quot;:&quot;1136666706&quot;,&quot;copyright&quot;:&quot;&quot;,&quot;focal_length&quot;:&quot;7.6&quot;,&quot;iso&quot;:&quot;200&quot;,&quot;shutter_speed&quot;:&quot;0.019230769230769&quot;,&quot;title&quot;:&quot;&quot;,&quot;orientation&quot;:&quot;1&quot;}\" data-image-title=\"machine \u00e0 coudre\" data-image-description=\"\" data-image-caption=\"\" data-medium-file=\"https:\/\/gsara.tv\/charleroi\/wp-content\/uploads\/2015\/08\/machine-\u00e0-coudre-225x300.jpg\" data-large-file=\"https:\/\/gsara.tv\/charleroi\/wp-content\/uploads\/2015\/08\/machine-\u00e0-coudre-768x1024.jpg\" decoding=\"async\" loading=\"lazy\" class=\"alignleft size-thumbnail wp-image-109821\" src=\"http:\/\/gsara.tv\/charleroi\/wp-content\/uploads\/2015\/08\/machine-\u00e0-coudre-150x150.jpg\" alt=\"machine \u00e0 coudre\" width=\"150\" height=\"150\" srcset=\"https:\/\/gsara.tv\/charleroi\/wp-content\/uploads\/2015\/08\/machine-\u00e0-coudre-150x150.jpg 150w, https:\/\/gsara.tv\/charleroi\/wp-content\/uploads\/2015\/08\/machine-\u00e0-coudre-144x144.jpg 144w\" sizes=\"(max-width: 150px) 100vw, 150px\" \/><\/a> <a href=\"http:\/\/gsara.tv\/charleroi\/wp-content\/uploads\/2015\/08\/machine-\u00e0-laver1.jpg\" rel=\"lightbox[109812]\"><img data-attachment-id=\"109822\" data-permalink=\"https:\/\/gsara.tv\/charleroi\/presentation-des-cliches-realises-avec-la-maison-de-repos-de-gilly\/machine-a-laver-2\/\" data-orig-file=\"https:\/\/gsara.tv\/charleroi\/wp-content\/uploads\/2015\/08\/machine-\u00e0-laver1.jpg\" data-orig-size=\"3488,2616\" data-comments-opened=\"0\" data-image-meta=\"{&quot;aperture&quot;:&quot;3.1&quot;,&quot;credit&quot;:&quot;&quot;,&quot;camera&quot;:&quot;FinePix S9600&quot;,&quot;caption&quot;:&quot;&quot;,&quot;created_timestamp&quot;:&quot;1136075405&quot;,&quot;copyright&quot;:&quot;&quot;,&quot;focal_length&quot;:&quot;8.1&quot;,&quot;iso&quot;:&quot;400&quot;,&quot;shutter_speed&quot;:&quot;0.017241379310345&quot;,&quot;title&quot;:&quot;&quot;,&quot;orientation&quot;:&quot;1&quot;}\" data-image-title=\"machine \u00e0 laver\" data-image-description=\"\" data-image-caption=\"\" data-medium-file=\"https:\/\/gsara.tv\/charleroi\/wp-content\/uploads\/2015\/08\/machine-\u00e0-laver1-300x225.jpg\" data-large-file=\"https:\/\/gsara.tv\/charleroi\/wp-content\/uploads\/2015\/08\/machine-\u00e0-laver1-1024x768.jpg\" decoding=\"async\" loading=\"lazy\" class=\"alignleft size-thumbnail wp-image-109822\" src=\"http:\/\/gsara.tv\/charleroi\/wp-content\/uploads\/2015\/08\/machine-\u00e0-laver1-150x150.jpg\" alt=\"machine \u00e0 laver\" width=\"150\" height=\"150\" srcset=\"https:\/\/gsara.tv\/charleroi\/wp-content\/uploads\/2015\/08\/machine-\u00e0-laver1-150x150.jpg 150w, https:\/\/gsara.tv\/charleroi\/wp-content\/uploads\/2015\/08\/machine-\u00e0-laver1-144x144.jpg 144w\" sizes=\"(max-width: 150px) 100vw, 150px\" \/><\/a> <a href=\"http:\/\/gsara.tv\/charleroi\/wp-content\/uploads\/2015\/08\/ordinateur.jpg\" rel=\"lightbox[109812]\"><img data-attachment-id=\"109823\" data-permalink=\"https:\/\/gsara.tv\/charleroi\/presentation-des-cliches-realises-avec-la-maison-de-repos-de-gilly\/ordinateur\/\" data-orig-file=\"https:\/\/gsara.tv\/charleroi\/wp-content\/uploads\/2015\/08\/ordinateur.jpg\" data-orig-size=\"3488,2616\" data-comments-opened=\"0\" data-image-meta=\"{&quot;aperture&quot;:&quot;2.9&quot;,&quot;credit&quot;:&quot;&quot;,&quot;camera&quot;:&quot;FinePix S9600&quot;,&quot;caption&quot;:&quot;&quot;,&quot;created_timestamp&quot;:&quot;1136679101&quot;,&quot;copyright&quot;:&quot;&quot;,&quot;focal_length&quot;:&quot;6.8&quot;,&quot;iso&quot;:&quot;400&quot;,&quot;shutter_speed&quot;:&quot;0.017241379310345&quot;,&quot;title&quot;:&quot;&quot;,&quot;orientation&quot;:&quot;1&quot;}\" data-image-title=\"ordinateur\" data-image-description=\"\" data-image-caption=\"\" data-medium-file=\"https:\/\/gsara.tv\/charleroi\/wp-content\/uploads\/2015\/08\/ordinateur-300x225.jpg\" data-large-file=\"https:\/\/gsara.tv\/charleroi\/wp-content\/uploads\/2015\/08\/ordinateur-1024x768.jpg\" decoding=\"async\" loading=\"lazy\" class=\"alignleft wp-image-109823 size-thumbnail\" src=\"http:\/\/gsara.tv\/charleroi\/wp-content\/uploads\/2015\/08\/ordinateur-150x150.jpg\" alt=\"ordinateur\" width=\"150\" height=\"150\" srcset=\"https:\/\/gsara.tv\/charleroi\/wp-content\/uploads\/2015\/08\/ordinateur-150x150.jpg 150w, https:\/\/gsara.tv\/charleroi\/wp-content\/uploads\/2015\/08\/ordinateur-144x144.jpg 144w\" sizes=\"(max-width: 150px) 100vw, 150px\" \/><\/a> <a href=\"http:\/\/gsara.tv\/charleroi\/wp-content\/uploads\/2015\/08\/poele.jpg\" rel=\"lightbox[109812]\"><img data-attachment-id=\"109824\" data-permalink=\"https:\/\/gsara.tv\/charleroi\/presentation-des-cliches-realises-avec-la-maison-de-repos-de-gilly\/poele\/\" data-orig-file=\"https:\/\/gsara.tv\/charleroi\/wp-content\/uploads\/2015\/08\/poele.jpg\" data-orig-size=\"3472,2580\" data-comments-opened=\"0\" data-image-meta=\"{&quot;aperture&quot;:&quot;2.8&quot;,&quot;credit&quot;:&quot;&quot;,&quot;camera&quot;:&quot;FinePix S9600&quot;,&quot;caption&quot;:&quot;&quot;,&quot;created_timestamp&quot;:&quot;1136076301&quot;,&quot;copyright&quot;:&quot;&quot;,&quot;focal_length&quot;:&quot;6.2&quot;,&quot;iso&quot;:&quot;400&quot;,&quot;shutter_speed&quot;:&quot;0.023809523809524&quot;,&quot;title&quot;:&quot;&quot;,&quot;orientation&quot;:&quot;1&quot;}\" data-image-title=\"poele\" data-image-description=\"\" data-image-caption=\"\" data-medium-file=\"https:\/\/gsara.tv\/charleroi\/wp-content\/uploads\/2015\/08\/poele-300x223.jpg\" data-large-file=\"https:\/\/gsara.tv\/charleroi\/wp-content\/uploads\/2015\/08\/poele-1024x761.jpg\" decoding=\"async\" loading=\"lazy\" class=\"alignleft size-thumbnail wp-image-109824\" src=\"http:\/\/gsara.tv\/charleroi\/wp-content\/uploads\/2015\/08\/poele-150x150.jpg\" alt=\"poele\" width=\"150\" height=\"150\" srcset=\"https:\/\/gsara.tv\/charleroi\/wp-content\/uploads\/2015\/08\/poele-150x150.jpg 150w, https:\/\/gsara.tv\/charleroi\/wp-content\/uploads\/2015\/08\/poele-144x144.jpg 144w\" sizes=\"(max-width: 150px) 100vw, 150px\" \/><\/a> <a href=\"http:\/\/gsara.tv\/charleroi\/wp-content\/uploads\/2015\/08\/rasoir1.jpg\" rel=\"lightbox[109812]\"><img data-attachment-id=\"109825\" data-permalink=\"https:\/\/gsara.tv\/charleroi\/presentation-des-cliches-realises-avec-la-maison-de-repos-de-gilly\/rasoir-2\/\" data-orig-file=\"https:\/\/gsara.tv\/charleroi\/wp-content\/uploads\/2015\/08\/rasoir1.jpg\" data-orig-size=\"2616,3488\" data-comments-opened=\"0\" data-image-meta=\"{&quot;aperture&quot;:&quot;3.1&quot;,&quot;credit&quot;:&quot;&quot;,&quot;camera&quot;:&quot;FinePix S9600&quot;,&quot;caption&quot;:&quot;&quot;,&quot;created_timestamp&quot;:&quot;1136075917&quot;,&quot;copyright&quot;:&quot;&quot;,&quot;focal_length&quot;:&quot;8.1&quot;,&quot;iso&quot;:&quot;400&quot;,&quot;shutter_speed&quot;:&quot;0.029411764705882&quot;,&quot;title&quot;:&quot;&quot;,&quot;orientation&quot;:&quot;1&quot;}\" data-image-title=\"rasoir\" data-image-description=\"\" data-image-caption=\"\" data-medium-file=\"https:\/\/gsara.tv\/charleroi\/wp-content\/uploads\/2015\/08\/rasoir1-225x300.jpg\" data-large-file=\"https:\/\/gsara.tv\/charleroi\/wp-content\/uploads\/2015\/08\/rasoir1-768x1024.jpg\" decoding=\"async\" loading=\"lazy\" class=\"alignleft size-thumbnail wp-image-109825\" src=\"http:\/\/gsara.tv\/charleroi\/wp-content\/uploads\/2015\/08\/rasoir1-150x150.jpg\" alt=\"rasoir\" width=\"150\" height=\"150\" srcset=\"https:\/\/gsara.tv\/charleroi\/wp-content\/uploads\/2015\/08\/rasoir1-150x150.jpg 150w, https:\/\/gsara.tv\/charleroi\/wp-content\/uploads\/2015\/08\/rasoir1-144x144.jpg 144w\" sizes=\"(max-width: 150px) 100vw, 150px\" \/><\/a><\/p>\n<p>&nbsp;<\/p>\n<p>&nbsp;<\/p>\n<p>&nbsp;<\/p>\n<p>&nbsp;<\/p>\n<p>&nbsp;<\/p>\n<p>&nbsp;<\/p>\n<p>&nbsp;<\/p>\n<p>&nbsp;<\/p>\n<p>&nbsp;<\/p>\n<p>&nbsp;<\/p>\n<p>&nbsp;<\/p>\n<p>Voil\u00e0 pour les objets du pass\u00e9 !<\/p>\n<h1>Cin\u00e9magraphes<\/h1>\n<p>L&rsquo;exp\u00e9rience photo suivante est assez sp\u00e9ciale. Les cin\u00e9magraphes sont des images fig\u00e9es (photo) dans laquelle une petite zone bouge (vid\u00e9o).<\/p>\n<p>Nous avons fait deux s\u00e9ances de pose sur ce principe. Une s\u00e9rie tente d&rsquo;\u00e9voquer les activit\u00e9s typiques de chaque participants \u00e0 la maison de repos. Ainsi Franka se maquille, Donato peint, etc &#8230;.&nbsp; Le mouvement se r\u00e9p\u00e8te dans l&rsquo;ombre du personnage, \u00e9voquant le temps (qui peu sembler long) et le rythme (parfois r\u00e9p\u00e9titif) des journ\u00e9es \u00e0 la maison-de-repos.<\/p>\n<p>La seconde s\u00e9rie (verte) aborde les \u00e9motions personnelles via une repr\u00e9sentation, une ac tuation des \u00e9moticons, ces petits sigles que l&rsquo;on ins\u00e8re&nbsp; le langage SMS et les mails.<\/p>\n<p>Petit-\u00e0-petit, nous-nous rapprochons du \u00ab\u00a0portrait classique\u00a0\u00bb.<br \/>\n(<span style=\"text-decoration: underline;\">Cliquez pour agrandir le clich\u00e9 et le voir bouger<\/span>)<br \/>\n<a href=\"http:\/\/gsara.tv\/charleroi\/wp-content\/uploads\/2015\/08\/franka-badloop.gif\" rel=\"lightbox[109812]\"><img data-attachment-id=\"109852\" data-permalink=\"https:\/\/gsara.tv\/charleroi\/presentation-des-cliches-realises-avec-la-maison-de-repos-de-gilly\/franka-badloop\/\" data-orig-file=\"https:\/\/gsara.tv\/charleroi\/wp-content\/uploads\/2015\/08\/franka-badloop.gif\" data-orig-size=\"640,360\" data-comments-opened=\"0\" data-image-meta=\"{&quot;aperture&quot;:&quot;0&quot;,&quot;credit&quot;:&quot;&quot;,&quot;camera&quot;:&quot;&quot;,&quot;caption&quot;:&quot;&quot;,&quot;created_timestamp&quot;:&quot;0&quot;,&quot;copyright&quot;:&quot;&quot;,&quot;focal_length&quot;:&quot;0&quot;,&quot;iso&quot;:&quot;0&quot;,&quot;shutter_speed&quot;:&quot;0&quot;,&quot;title&quot;:&quot;&quot;,&quot;orientation&quot;:&quot;0&quot;}\" data-image-title=\"franka badloop\" data-image-description=\"\" data-image-caption=\"\" data-medium-file=\"https:\/\/gsara.tv\/charleroi\/wp-content\/uploads\/2015\/08\/franka-badloop-300x169.gif\" data-large-file=\"https:\/\/gsara.tv\/charleroi\/wp-content\/uploads\/2015\/08\/franka-badloop.gif\" decoding=\"async\" loading=\"lazy\" class=\"alignleft size-thumbnail wp-image-109852\" src=\"http:\/\/gsara.tv\/charleroi\/wp-content\/uploads\/2015\/08\/franka-badloop-150x150.gif\" alt=\"franka badloop\" width=\"150\" height=\"150\" srcset=\"https:\/\/gsara.tv\/charleroi\/wp-content\/uploads\/2015\/08\/franka-badloop-150x150.gif 150w, https:\/\/gsara.tv\/charleroi\/wp-content\/uploads\/2015\/08\/franka-badloop-144x144.gif 144w\" sizes=\"(max-width: 150px) 100vw, 150px\" \/><\/a>&nbsp; <a href=\"http:\/\/gsara.tv\/charleroi\/wp-content\/uploads\/2015\/08\/maria1.gif\" rel=\"lightbox[109812]\"><img data-attachment-id=\"109857\" data-permalink=\"https:\/\/gsara.tv\/charleroi\/presentation-des-cliches-realises-avec-la-maison-de-repos-de-gilly\/maria1\/\" data-orig-file=\"https:\/\/gsara.tv\/charleroi\/wp-content\/uploads\/2015\/08\/maria1.gif\" data-orig-size=\"640,360\" data-comments-opened=\"0\" data-image-meta=\"{&quot;aperture&quot;:&quot;0&quot;,&quot;credit&quot;:&quot;&quot;,&quot;camera&quot;:&quot;&quot;,&quot;caption&quot;:&quot;&quot;,&quot;created_timestamp&quot;:&quot;0&quot;,&quot;copyright&quot;:&quot;&quot;,&quot;focal_length&quot;:&quot;0&quot;,&quot;iso&quot;:&quot;0&quot;,&quot;shutter_speed&quot;:&quot;0&quot;,&quot;title&quot;:&quot;&quot;,&quot;orientation&quot;:&quot;0&quot;}\" data-image-title=\"maria1\" data-image-description=\"\" data-image-caption=\"\" data-medium-file=\"https:\/\/gsara.tv\/charleroi\/wp-content\/uploads\/2015\/08\/maria1-300x169.gif\" data-large-file=\"https:\/\/gsara.tv\/charleroi\/wp-content\/uploads\/2015\/08\/maria1.gif\" decoding=\"async\" loading=\"lazy\" class=\"alignleft size-thumbnail wp-image-109857\" src=\"http:\/\/gsara.tv\/charleroi\/wp-content\/uploads\/2015\/08\/maria1-150x150.gif\" alt=\"maria1\" width=\"150\" height=\"150\" srcset=\"https:\/\/gsara.tv\/charleroi\/wp-content\/uploads\/2015\/08\/maria1-150x150.gif 150w, https:\/\/gsara.tv\/charleroi\/wp-content\/uploads\/2015\/08\/maria1-144x144.gif 144w\" sizes=\"(max-width: 150px) 100vw, 150px\" \/><\/a><a href=\"http:\/\/gsara.tv\/charleroi\/wp-content\/uploads\/2015\/08\/marie-roseloop1.gif\" rel=\"lightbox[109812]\"><img data-attachment-id=\"109858\" data-permalink=\"https:\/\/gsara.tv\/charleroi\/presentation-des-cliches-realises-avec-la-maison-de-repos-de-gilly\/marie-roseloop1\/\" data-orig-file=\"https:\/\/gsara.tv\/charleroi\/wp-content\/uploads\/2015\/08\/marie-roseloop1.gif\" data-orig-size=\"640,360\" data-comments-opened=\"0\" data-image-meta=\"{&quot;aperture&quot;:&quot;0&quot;,&quot;credit&quot;:&quot;&quot;,&quot;camera&quot;:&quot;&quot;,&quot;caption&quot;:&quot;&quot;,&quot;created_timestamp&quot;:&quot;0&quot;,&quot;copyright&quot;:&quot;&quot;,&quot;focal_length&quot;:&quot;0&quot;,&quot;iso&quot;:&quot;0&quot;,&quot;shutter_speed&quot;:&quot;0&quot;,&quot;title&quot;:&quot;&quot;,&quot;orientation&quot;:&quot;0&quot;}\" data-image-title=\"marie-roseloop1\" data-image-description=\"\" data-image-caption=\"\" data-medium-file=\"https:\/\/gsara.tv\/charleroi\/wp-content\/uploads\/2015\/08\/marie-roseloop1-300x169.gif\" data-large-file=\"https:\/\/gsara.tv\/charleroi\/wp-content\/uploads\/2015\/08\/marie-roseloop1.gif\" decoding=\"async\" loading=\"lazy\" class=\"alignleft size-thumbnail wp-image-109858\" src=\"http:\/\/gsara.tv\/charleroi\/wp-content\/uploads\/2015\/08\/marie-roseloop1-150x150.gif\" alt=\"marie-roseloop1\" width=\"150\" height=\"150\" srcset=\"https:\/\/gsara.tv\/charleroi\/wp-content\/uploads\/2015\/08\/marie-roseloop1-150x150.gif 150w, https:\/\/gsara.tv\/charleroi\/wp-content\/uploads\/2015\/08\/marie-roseloop1-144x144.gif 144w\" sizes=\"(max-width: 150px) 100vw, 150px\" \/><\/a><a href=\"http:\/\/gsara.tv\/charleroi\/wp-content\/uploads\/2015\/08\/robert1.gif\" rel=\"lightbox[109812]\"><img data-attachment-id=\"109863\" data-permalink=\"https:\/\/gsara.tv\/charleroi\/presentation-des-cliches-realises-avec-la-maison-de-repos-de-gilly\/robert1\/\" data-orig-file=\"https:\/\/gsara.tv\/charleroi\/wp-content\/uploads\/2015\/08\/robert1.gif\" data-orig-size=\"640,360\" data-comments-opened=\"0\" data-image-meta=\"{&quot;aperture&quot;:&quot;0&quot;,&quot;credit&quot;:&quot;&quot;,&quot;camera&quot;:&quot;&quot;,&quot;caption&quot;:&quot;&quot;,&quot;created_timestamp&quot;:&quot;0&quot;,&quot;copyright&quot;:&quot;&quot;,&quot;focal_length&quot;:&quot;0&quot;,&quot;iso&quot;:&quot;0&quot;,&quot;shutter_speed&quot;:&quot;0&quot;,&quot;title&quot;:&quot;&quot;,&quot;orientation&quot;:&quot;0&quot;}\" data-image-title=\"robert1\" data-image-description=\"\" data-image-caption=\"\" data-medium-file=\"https:\/\/gsara.tv\/charleroi\/wp-content\/uploads\/2015\/08\/robert1-300x169.gif\" data-large-file=\"https:\/\/gsara.tv\/charleroi\/wp-content\/uploads\/2015\/08\/robert1.gif\" decoding=\"async\" loading=\"lazy\" class=\"alignleft size-thumbnail wp-image-109863\" src=\"http:\/\/gsara.tv\/charleroi\/wp-content\/uploads\/2015\/08\/robert1-150x150.gif\" alt=\"robert1\" width=\"150\" height=\"150\" srcset=\"https:\/\/gsara.tv\/charleroi\/wp-content\/uploads\/2015\/08\/robert1-150x150.gif 150w, https:\/\/gsara.tv\/charleroi\/wp-content\/uploads\/2015\/08\/robert1-144x144.gif 144w\" sizes=\"(max-width: 150px) 100vw, 150px\" \/><\/a> <a href=\"http:\/\/gsara.tv\/charleroi\/wp-content\/uploads\/2015\/08\/irene1.gif\" rel=\"lightbox[109812]\"><img data-attachment-id=\"109855\" data-permalink=\"https:\/\/gsara.tv\/charleroi\/presentation-des-cliches-realises-avec-la-maison-de-repos-de-gilly\/irene1\/\" data-orig-file=\"https:\/\/gsara.tv\/charleroi\/wp-content\/uploads\/2015\/08\/irene1.gif\" data-orig-size=\"640,360\" data-comments-opened=\"0\" data-image-meta=\"{&quot;aperture&quot;:&quot;0&quot;,&quot;credit&quot;:&quot;&quot;,&quot;camera&quot;:&quot;&quot;,&quot;caption&quot;:&quot;&quot;,&quot;created_timestamp&quot;:&quot;0&quot;,&quot;copyright&quot;:&quot;&quot;,&quot;focal_length&quot;:&quot;0&quot;,&quot;iso&quot;:&quot;0&quot;,&quot;shutter_speed&quot;:&quot;0&quot;,&quot;title&quot;:&quot;&quot;,&quot;orientation&quot;:&quot;0&quot;}\" data-image-title=\"irene1\" data-image-description=\"\" data-image-caption=\"\" data-medium-file=\"https:\/\/gsara.tv\/charleroi\/wp-content\/uploads\/2015\/08\/irene1-300x169.gif\" data-large-file=\"https:\/\/gsara.tv\/charleroi\/wp-content\/uploads\/2015\/08\/irene1.gif\" decoding=\"async\" loading=\"lazy\" class=\"alignleft size-thumbnail wp-image-109855\" src=\"http:\/\/gsara.tv\/charleroi\/wp-content\/uploads\/2015\/08\/irene1-150x150.gif\" alt=\"irene1\" width=\"150\" height=\"150\" srcset=\"https:\/\/gsara.tv\/charleroi\/wp-content\/uploads\/2015\/08\/irene1-150x150.gif 150w, https:\/\/gsara.tv\/charleroi\/wp-content\/uploads\/2015\/08\/irene1-144x144.gif 144w\" sizes=\"(max-width: 150px) 100vw, 150px\" \/><\/a>&nbsp;&nbsp; <a href=\"http:\/\/gsara.tv\/charleroi\/wp-content\/uploads\/2015\/08\/pierre1.gif\" rel=\"lightbox[109812]\"><img data-attachment-id=\"109862\" data-permalink=\"https:\/\/gsara.tv\/charleroi\/presentation-des-cliches-realises-avec-la-maison-de-repos-de-gilly\/pierre1\/\" data-orig-file=\"https:\/\/gsara.tv\/charleroi\/wp-content\/uploads\/2015\/08\/pierre1.gif\" data-orig-size=\"640,360\" data-comments-opened=\"0\" data-image-meta=\"{&quot;aperture&quot;:&quot;0&quot;,&quot;credit&quot;:&quot;&quot;,&quot;camera&quot;:&quot;&quot;,&quot;caption&quot;:&quot;&quot;,&quot;created_timestamp&quot;:&quot;0&quot;,&quot;copyright&quot;:&quot;&quot;,&quot;focal_length&quot;:&quot;0&quot;,&quot;iso&quot;:&quot;0&quot;,&quot;shutter_speed&quot;:&quot;0&quot;,&quot;title&quot;:&quot;&quot;,&quot;orientation&quot;:&quot;0&quot;}\" data-image-title=\"pierre1\" data-image-description=\"\" data-image-caption=\"\" data-medium-file=\"https:\/\/gsara.tv\/charleroi\/wp-content\/uploads\/2015\/08\/pierre1-300x169.gif\" data-large-file=\"https:\/\/gsara.tv\/charleroi\/wp-content\/uploads\/2015\/08\/pierre1.gif\" decoding=\"async\" loading=\"lazy\" class=\"alignleft size-thumbnail wp-image-109862\" src=\"http:\/\/gsara.tv\/charleroi\/wp-content\/uploads\/2015\/08\/pierre1-150x150.gif\" alt=\"pierre1\" width=\"150\" height=\"150\" srcset=\"https:\/\/gsara.tv\/charleroi\/wp-content\/uploads\/2015\/08\/pierre1-150x150.gif 150w, https:\/\/gsara.tv\/charleroi\/wp-content\/uploads\/2015\/08\/pierre1-144x144.gif 144w\" sizes=\"(max-width: 150px) 100vw, 150px\" \/><\/a> <a href=\"http:\/\/gsara.tv\/charleroi\/wp-content\/uploads\/2015\/08\/donato1.gif\" rel=\"lightbox[109812]\"><img data-attachment-id=\"109851\" data-permalink=\"https:\/\/gsara.tv\/charleroi\/presentation-des-cliches-realises-avec-la-maison-de-repos-de-gilly\/donato1\/\" data-orig-file=\"https:\/\/gsara.tv\/charleroi\/wp-content\/uploads\/2015\/08\/donato1.gif\" data-orig-size=\"640,360\" data-comments-opened=\"0\" data-image-meta=\"{&quot;aperture&quot;:&quot;0&quot;,&quot;credit&quot;:&quot;&quot;,&quot;camera&quot;:&quot;&quot;,&quot;caption&quot;:&quot;&quot;,&quot;created_timestamp&quot;:&quot;0&quot;,&quot;copyright&quot;:&quot;&quot;,&quot;focal_length&quot;:&quot;0&quot;,&quot;iso&quot;:&quot;0&quot;,&quot;shutter_speed&quot;:&quot;0&quot;,&quot;title&quot;:&quot;&quot;,&quot;orientation&quot;:&quot;0&quot;}\" data-image-title=\"donato1\" data-image-description=\"\" data-image-caption=\"\" data-medium-file=\"https:\/\/gsara.tv\/charleroi\/wp-content\/uploads\/2015\/08\/donato1-300x169.gif\" data-large-file=\"https:\/\/gsara.tv\/charleroi\/wp-content\/uploads\/2015\/08\/donato1.gif\" decoding=\"async\" loading=\"lazy\" class=\"alignleft size-thumbnail wp-image-109851\" src=\"http:\/\/gsara.tv\/charleroi\/wp-content\/uploads\/2015\/08\/donato1-150x150.gif\" alt=\"donato1\" width=\"150\" height=\"150\" srcset=\"https:\/\/gsara.tv\/charleroi\/wp-content\/uploads\/2015\/08\/donato1-150x150.gif 150w, https:\/\/gsara.tv\/charleroi\/wp-content\/uploads\/2015\/08\/donato1-144x144.gif 144w\" sizes=\"(max-width: 150px) 100vw, 150px\" \/><\/a><a href=\"http:\/\/gsara.tv\/charleroi\/wp-content\/uploads\/2015\/08\/maurice22.gif\" rel=\"lightbox[109812]\"><img data-attachment-id=\"109860\" data-permalink=\"https:\/\/gsara.tv\/charleroi\/presentation-des-cliches-realises-avec-la-maison-de-repos-de-gilly\/maurice22\/\" data-orig-file=\"https:\/\/gsara.tv\/charleroi\/wp-content\/uploads\/2015\/08\/maurice22.gif\" data-orig-size=\"640,360\" data-comments-opened=\"0\" data-image-meta=\"{&quot;aperture&quot;:&quot;0&quot;,&quot;credit&quot;:&quot;&quot;,&quot;camera&quot;:&quot;&quot;,&quot;caption&quot;:&quot;&quot;,&quot;created_timestamp&quot;:&quot;0&quot;,&quot;copyright&quot;:&quot;&quot;,&quot;focal_length&quot;:&quot;0&quot;,&quot;iso&quot;:&quot;0&quot;,&quot;shutter_speed&quot;:&quot;0&quot;,&quot;title&quot;:&quot;&quot;,&quot;orientation&quot;:&quot;0&quot;}\" data-image-title=\"maurice22\" data-image-description=\"\" data-image-caption=\"\" data-medium-file=\"https:\/\/gsara.tv\/charleroi\/wp-content\/uploads\/2015\/08\/maurice22-300x169.gif\" data-large-file=\"https:\/\/gsara.tv\/charleroi\/wp-content\/uploads\/2015\/08\/maurice22.gif\" decoding=\"async\" loading=\"lazy\" class=\"alignleft size-thumbnail wp-image-109860\" src=\"http:\/\/gsara.tv\/charleroi\/wp-content\/uploads\/2015\/08\/maurice22-150x150.gif\" alt=\"maurice22\" width=\"150\" height=\"150\" srcset=\"https:\/\/gsara.tv\/charleroi\/wp-content\/uploads\/2015\/08\/maurice22-150x150.gif 150w, https:\/\/gsara.tv\/charleroi\/wp-content\/uploads\/2015\/08\/maurice22-144x144.gif 144w\" sizes=\"(max-width: 150px) 100vw, 150px\" \/><\/a><a href=\"http:\/\/gsara.tv\/charleroi\/wp-content\/uploads\/2015\/08\/maurice1.gif\" rel=\"lightbox[109812]\"><img data-attachment-id=\"109859\" data-permalink=\"https:\/\/gsara.tv\/charleroi\/presentation-des-cliches-realises-avec-la-maison-de-repos-de-gilly\/maurice1\/\" data-orig-file=\"https:\/\/gsara.tv\/charleroi\/wp-content\/uploads\/2015\/08\/maurice1.gif\" data-orig-size=\"640,360\" data-comments-opened=\"0\" data-image-meta=\"{&quot;aperture&quot;:&quot;0&quot;,&quot;credit&quot;:&quot;&quot;,&quot;camera&quot;:&quot;&quot;,&quot;caption&quot;:&quot;&quot;,&quot;created_timestamp&quot;:&quot;0&quot;,&quot;copyright&quot;:&quot;&quot;,&quot;focal_length&quot;:&quot;0&quot;,&quot;iso&quot;:&quot;0&quot;,&quot;shutter_speed&quot;:&quot;0&quot;,&quot;title&quot;:&quot;&quot;,&quot;orientation&quot;:&quot;0&quot;}\" data-image-title=\"maurice1\" data-image-description=\"\" data-image-caption=\"\" data-medium-file=\"https:\/\/gsara.tv\/charleroi\/wp-content\/uploads\/2015\/08\/maurice1-300x169.gif\" data-large-file=\"https:\/\/gsara.tv\/charleroi\/wp-content\/uploads\/2015\/08\/maurice1.gif\" decoding=\"async\" loading=\"lazy\" class=\"alignleft size-thumbnail wp-image-109859\" src=\"http:\/\/gsara.tv\/charleroi\/wp-content\/uploads\/2015\/08\/maurice1-150x150.gif\" alt=\"maurice1\" width=\"150\" height=\"150\" srcset=\"https:\/\/gsara.tv\/charleroi\/wp-content\/uploads\/2015\/08\/maurice1-150x150.gif 150w, https:\/\/gsara.tv\/charleroi\/wp-content\/uploads\/2015\/08\/maurice1-144x144.gif 144w\" sizes=\"(max-width: 150px) 100vw, 150px\" \/><\/a><a href=\"http:\/\/gsara.tv\/charleroi\/wp-content\/uploads\/2015\/08\/franka-smile1.gif\" rel=\"lightbox[109812]\"><img data-attachment-id=\"109853\" data-permalink=\"https:\/\/gsara.tv\/charleroi\/presentation-des-cliches-realises-avec-la-maison-de-repos-de-gilly\/franka-smile1\/\" data-orig-file=\"https:\/\/gsara.tv\/charleroi\/wp-content\/uploads\/2015\/08\/franka-smile1.gif\" data-orig-size=\"640,360\" data-comments-opened=\"0\" data-image-meta=\"{&quot;aperture&quot;:&quot;0&quot;,&quot;credit&quot;:&quot;&quot;,&quot;camera&quot;:&quot;&quot;,&quot;caption&quot;:&quot;&quot;,&quot;created_timestamp&quot;:&quot;0&quot;,&quot;copyright&quot;:&quot;&quot;,&quot;focal_length&quot;:&quot;0&quot;,&quot;iso&quot;:&quot;0&quot;,&quot;shutter_speed&quot;:&quot;0&quot;,&quot;title&quot;:&quot;&quot;,&quot;orientation&quot;:&quot;0&quot;}\" data-image-title=\"franka smile1\" data-image-description=\"\" data-image-caption=\"\" data-medium-file=\"https:\/\/gsara.tv\/charleroi\/wp-content\/uploads\/2015\/08\/franka-smile1-300x169.gif\" data-large-file=\"https:\/\/gsara.tv\/charleroi\/wp-content\/uploads\/2015\/08\/franka-smile1.gif\" decoding=\"async\" loading=\"lazy\" class=\"alignleft size-thumbnail wp-image-109853\" src=\"http:\/\/gsara.tv\/charleroi\/wp-content\/uploads\/2015\/08\/franka-smile1-150x150.gif\" alt=\"franka smile1\" width=\"150\" height=\"150\" srcset=\"https:\/\/gsara.tv\/charleroi\/wp-content\/uploads\/2015\/08\/franka-smile1-150x150.gif 150w, https:\/\/gsara.tv\/charleroi\/wp-content\/uploads\/2015\/08\/franka-smile1-144x144.gif 144w\" sizes=\"(max-width: 150px) 100vw, 150px\" \/><\/a><a href=\"http:\/\/gsara.tv\/charleroi\/wp-content\/uploads\/2015\/08\/irene.gif\" rel=\"lightbox[109812]\"><img data-attachment-id=\"109854\" data-permalink=\"https:\/\/gsara.tv\/charleroi\/presentation-des-cliches-realises-avec-la-maison-de-repos-de-gilly\/irene\/\" data-orig-file=\"https:\/\/gsara.tv\/charleroi\/wp-content\/uploads\/2015\/08\/irene.gif\" data-orig-size=\"640,360\" data-comments-opened=\"0\" data-image-meta=\"{&quot;aperture&quot;:&quot;0&quot;,&quot;credit&quot;:&quot;&quot;,&quot;camera&quot;:&quot;&quot;,&quot;caption&quot;:&quot;&quot;,&quot;created_timestamp&quot;:&quot;0&quot;,&quot;copyright&quot;:&quot;&quot;,&quot;focal_length&quot;:&quot;0&quot;,&quot;iso&quot;:&quot;0&quot;,&quot;shutter_speed&quot;:&quot;0&quot;,&quot;title&quot;:&quot;&quot;,&quot;orientation&quot;:&quot;0&quot;}\" data-image-title=\"irene\" data-image-description=\"\" data-image-caption=\"\" data-medium-file=\"https:\/\/gsara.tv\/charleroi\/wp-content\/uploads\/2015\/08\/irene-300x169.gif\" data-large-file=\"https:\/\/gsara.tv\/charleroi\/wp-content\/uploads\/2015\/08\/irene.gif\" decoding=\"async\" loading=\"lazy\" class=\"alignleft size-thumbnail wp-image-109854\" src=\"http:\/\/gsara.tv\/charleroi\/wp-content\/uploads\/2015\/08\/irene-150x150.gif\" alt=\"irene\" width=\"150\" height=\"150\" srcset=\"https:\/\/gsara.tv\/charleroi\/wp-content\/uploads\/2015\/08\/irene-150x150.gif 150w, https:\/\/gsara.tv\/charleroi\/wp-content\/uploads\/2015\/08\/irene-144x144.gif 144w\" sizes=\"(max-width: 150px) 100vw, 150px\" \/><\/a> <a href=\"http:\/\/gsara.tv\/charleroi\/wp-content\/uploads\/2015\/08\/pierre_donato.gif\" rel=\"lightbox[109812]\"><img data-attachment-id=\"109861\" data-permalink=\"https:\/\/gsara.tv\/charleroi\/presentation-des-cliches-realises-avec-la-maison-de-repos-de-gilly\/pierre_donato\/\" data-orig-file=\"https:\/\/gsara.tv\/charleroi\/wp-content\/uploads\/2015\/08\/pierre_donato.gif\" data-orig-size=\"640,360\" data-comments-opened=\"0\" data-image-meta=\"{&quot;aperture&quot;:&quot;0&quot;,&quot;credit&quot;:&quot;&quot;,&quot;camera&quot;:&quot;&quot;,&quot;caption&quot;:&quot;&quot;,&quot;created_timestamp&quot;:&quot;0&quot;,&quot;copyright&quot;:&quot;&quot;,&quot;focal_length&quot;:&quot;0&quot;,&quot;iso&quot;:&quot;0&quot;,&quot;shutter_speed&quot;:&quot;0&quot;,&quot;title&quot;:&quot;&quot;,&quot;orientation&quot;:&quot;0&quot;}\" data-image-title=\"pierre_donato\" data-image-description=\"\" data-image-caption=\"\" data-medium-file=\"https:\/\/gsara.tv\/charleroi\/wp-content\/uploads\/2015\/08\/pierre_donato-300x169.gif\" data-large-file=\"https:\/\/gsara.tv\/charleroi\/wp-content\/uploads\/2015\/08\/pierre_donato.gif\" decoding=\"async\" loading=\"lazy\" class=\"alignleft size-thumbnail wp-image-109861\" src=\"http:\/\/gsara.tv\/charleroi\/wp-content\/uploads\/2015\/08\/pierre_donato-150x150.gif\" alt=\"pierre_donato\" width=\"150\" height=\"150\" srcset=\"https:\/\/gsara.tv\/charleroi\/wp-content\/uploads\/2015\/08\/pierre_donato-150x150.gif 150w, https:\/\/gsara.tv\/charleroi\/wp-content\/uploads\/2015\/08\/pierre_donato-144x144.gif 144w\" sizes=\"(max-width: 150px) 100vw, 150px\" \/><\/a><\/p>\n<p>&nbsp;<\/p>\n<p>&nbsp;<\/p>\n<p>&nbsp;<\/p>\n<p>&nbsp;<\/p>\n<p>&nbsp;<\/p>\n<p>&nbsp;<\/p>\n<p>&nbsp;<\/p>\n<p>&nbsp;<\/p>\n<p>&nbsp;<\/p>\n<p>&nbsp;<\/p>\n<p>&nbsp;<\/p>\n<p>&nbsp;<\/p>\n<p>&nbsp;<\/p>\n<p>&nbsp;<\/p>\n<h1>Chroma Key &#8211; fantaisies :<\/h1>\n<p>En cette fin d&rsquo;ann\u00e9e, nous essayons avec les participant d&rsquo;isoler les visages et de se transporter dans un d\u00e9cor fantaisie &#8230; chacun selon ses envies et selon les arri\u00e8res-plans collect\u00e9s sur le Net.<\/p>\n<p><a href=\"http:\/\/gsara.tv\/charleroi\/wp-content\/uploads\/2015\/08\/donato-et-bouteille.jpg\" rel=\"lightbox[109812]\"><img data-attachment-id=\"109865\" data-permalink=\"https:\/\/gsara.tv\/charleroi\/presentation-des-cliches-realises-avec-la-maison-de-repos-de-gilly\/donato-et-bouteille\/\" data-orig-file=\"https:\/\/gsara.tv\/charleroi\/wp-content\/uploads\/2015\/08\/donato-et-bouteille.jpg\" data-orig-size=\"3488,2616\" data-comments-opened=\"0\" data-image-meta=\"{&quot;aperture&quot;:&quot;0&quot;,&quot;credit&quot;:&quot;&quot;,&quot;camera&quot;:&quot;&quot;,&quot;caption&quot;:&quot;&quot;,&quot;created_timestamp&quot;:&quot;0&quot;,&quot;copyright&quot;:&quot;&quot;,&quot;focal_length&quot;:&quot;0&quot;,&quot;iso&quot;:&quot;0&quot;,&quot;shutter_speed&quot;:&quot;0&quot;,&quot;title&quot;:&quot;&quot;,&quot;orientation&quot;:&quot;1&quot;}\" data-image-title=\"donato et bouteille\" data-image-description=\"\" data-image-caption=\"\" data-medium-file=\"https:\/\/gsara.tv\/charleroi\/wp-content\/uploads\/2015\/08\/donato-et-bouteille-300x225.jpg\" data-large-file=\"https:\/\/gsara.tv\/charleroi\/wp-content\/uploads\/2015\/08\/donato-et-bouteille-1024x768.jpg\" decoding=\"async\" loading=\"lazy\" class=\"alignleft size-thumbnail wp-image-109865\" src=\"http:\/\/gsara.tv\/charleroi\/wp-content\/uploads\/2015\/08\/donato-et-bouteille-150x150.jpg\" alt=\"donato et bouteille\" width=\"150\" height=\"150\" srcset=\"https:\/\/gsara.tv\/charleroi\/wp-content\/uploads\/2015\/08\/donato-et-bouteille-150x150.jpg 150w, https:\/\/gsara.tv\/charleroi\/wp-content\/uploads\/2015\/08\/donato-et-bouteille-144x144.jpg 144w\" sizes=\"(max-width: 150px) 100vw, 150px\" \/><\/a> <a href=\"http:\/\/gsara.tv\/charleroi\/wp-content\/uploads\/2015\/08\/DONATO.jpg\" rel=\"lightbox[109812]\"><img data-attachment-id=\"109866\" data-permalink=\"https:\/\/gsara.tv\/charleroi\/presentation-des-cliches-realises-avec-la-maison-de-repos-de-gilly\/donato\/\" data-orig-file=\"https:\/\/gsara.tv\/charleroi\/wp-content\/uploads\/2015\/08\/DONATO.jpg\" data-orig-size=\"3488,2616\" data-comments-opened=\"0\" data-image-meta=\"{&quot;aperture&quot;:&quot;0&quot;,&quot;credit&quot;:&quot;&quot;,&quot;camera&quot;:&quot;&quot;,&quot;caption&quot;:&quot;&quot;,&quot;created_timestamp&quot;:&quot;0&quot;,&quot;copyright&quot;:&quot;&quot;,&quot;focal_length&quot;:&quot;0&quot;,&quot;iso&quot;:&quot;0&quot;,&quot;shutter_speed&quot;:&quot;0&quot;,&quot;title&quot;:&quot;&quot;,&quot;orientation&quot;:&quot;0&quot;}\" data-image-title=\"DONATO\" data-image-description=\"\" data-image-caption=\"\" data-medium-file=\"https:\/\/gsara.tv\/charleroi\/wp-content\/uploads\/2015\/08\/DONATO-300x225.jpg\" data-large-file=\"https:\/\/gsara.tv\/charleroi\/wp-content\/uploads\/2015\/08\/DONATO-1024x768.jpg\" decoding=\"async\" loading=\"lazy\" class=\"alignleft size-thumbnail wp-image-109866\" src=\"http:\/\/gsara.tv\/charleroi\/wp-content\/uploads\/2015\/08\/DONATO-150x150.jpg\" alt=\"DONATO\" width=\"150\" height=\"150\" srcset=\"https:\/\/gsara.tv\/charleroi\/wp-content\/uploads\/2015\/08\/DONATO-150x150.jpg 150w, https:\/\/gsara.tv\/charleroi\/wp-content\/uploads\/2015\/08\/DONATO-144x144.jpg 144w\" sizes=\"(max-width: 150px) 100vw, 150px\" \/><\/a> <a href=\"http:\/\/gsara.tv\/charleroi\/wp-content\/uploads\/2015\/08\/franca-et-photographe.jpg\" rel=\"lightbox[109812]\"><img data-attachment-id=\"109867\" data-permalink=\"https:\/\/gsara.tv\/charleroi\/presentation-des-cliches-realises-avec-la-maison-de-repos-de-gilly\/franca-et-photographe\/\" data-orig-file=\"https:\/\/gsara.tv\/charleroi\/wp-content\/uploads\/2015\/08\/franca-et-photographe.jpg\" data-orig-size=\"3488,2616\" data-comments-opened=\"0\" data-image-meta=\"{&quot;aperture&quot;:&quot;0&quot;,&quot;credit&quot;:&quot;&quot;,&quot;camera&quot;:&quot;&quot;,&quot;caption&quot;:&quot;&quot;,&quot;created_timestamp&quot;:&quot;0&quot;,&quot;copyright&quot;:&quot;&quot;,&quot;focal_length&quot;:&quot;0&quot;,&quot;iso&quot;:&quot;0&quot;,&quot;shutter_speed&quot;:&quot;0&quot;,&quot;title&quot;:&quot;&quot;,&quot;orientation&quot;:&quot;1&quot;}\" data-image-title=\"franca et photographe\" data-image-description=\"\" data-image-caption=\"\" data-medium-file=\"https:\/\/gsara.tv\/charleroi\/wp-content\/uploads\/2015\/08\/franca-et-photographe-300x225.jpg\" data-large-file=\"https:\/\/gsara.tv\/charleroi\/wp-content\/uploads\/2015\/08\/franca-et-photographe-1024x768.jpg\" decoding=\"async\" loading=\"lazy\" class=\"alignleft size-thumbnail wp-image-109867\" src=\"http:\/\/gsara.tv\/charleroi\/wp-content\/uploads\/2015\/08\/franca-et-photographe-150x150.jpg\" alt=\"franca et photographe\" width=\"150\" height=\"150\" srcset=\"https:\/\/gsara.tv\/charleroi\/wp-content\/uploads\/2015\/08\/franca-et-photographe-150x150.jpg 150w, https:\/\/gsara.tv\/charleroi\/wp-content\/uploads\/2015\/08\/franca-et-photographe-144x144.jpg 144w\" sizes=\"(max-width: 150px) 100vw, 150px\" \/><\/a> <a href=\"http:\/\/gsara.tv\/charleroi\/wp-content\/uploads\/2015\/08\/FRANKA.jpg\" rel=\"lightbox[109812]\"><img data-attachment-id=\"109868\" data-permalink=\"https:\/\/gsara.tv\/charleroi\/presentation-des-cliches-realises-avec-la-maison-de-repos-de-gilly\/franka\/\" data-orig-file=\"https:\/\/gsara.tv\/charleroi\/wp-content\/uploads\/2015\/08\/FRANKA.jpg\" data-orig-size=\"1280,960\" data-comments-opened=\"0\" data-image-meta=\"{&quot;aperture&quot;:&quot;0&quot;,&quot;credit&quot;:&quot;&quot;,&quot;camera&quot;:&quot;&quot;,&quot;caption&quot;:&quot;&quot;,&quot;created_timestamp&quot;:&quot;0&quot;,&quot;copyright&quot;:&quot;&quot;,&quot;focal_length&quot;:&quot;0&quot;,&quot;iso&quot;:&quot;0&quot;,&quot;shutter_speed&quot;:&quot;0&quot;,&quot;title&quot;:&quot;&quot;,&quot;orientation&quot;:&quot;0&quot;}\" data-image-title=\"FRANKA\" data-image-description=\"\" data-image-caption=\"\" data-medium-file=\"https:\/\/gsara.tv\/charleroi\/wp-content\/uploads\/2015\/08\/FRANKA-300x225.jpg\" data-large-file=\"https:\/\/gsara.tv\/charleroi\/wp-content\/uploads\/2015\/08\/FRANKA-1024x768.jpg\" decoding=\"async\" loading=\"lazy\" class=\"alignleft size-thumbnail wp-image-109868\" src=\"http:\/\/gsara.tv\/charleroi\/wp-content\/uploads\/2015\/08\/FRANKA-150x150.jpg\" alt=\"FRANKA\" width=\"150\" height=\"150\" srcset=\"https:\/\/gsara.tv\/charleroi\/wp-content\/uploads\/2015\/08\/FRANKA-150x150.jpg 150w, https:\/\/gsara.tv\/charleroi\/wp-content\/uploads\/2015\/08\/FRANKA-144x144.jpg 144w\" sizes=\"(max-width: 150px) 100vw, 150px\" \/><\/a> <a href=\"http:\/\/gsara.tv\/charleroi\/wp-content\/uploads\/2015\/08\/irene-et-champagne.jpg\" rel=\"lightbox[109812]\"><img data-attachment-id=\"109869\" data-permalink=\"https:\/\/gsara.tv\/charleroi\/presentation-des-cliches-realises-avec-la-maison-de-repos-de-gilly\/irene-et-champagne\/\" data-orig-file=\"https:\/\/gsara.tv\/charleroi\/wp-content\/uploads\/2015\/08\/irene-et-champagne.jpg\" data-orig-size=\"3488,2616\" data-comments-opened=\"0\" data-image-meta=\"{&quot;aperture&quot;:&quot;0&quot;,&quot;credit&quot;:&quot;&quot;,&quot;camera&quot;:&quot;&quot;,&quot;caption&quot;:&quot;&quot;,&quot;created_timestamp&quot;:&quot;0&quot;,&quot;copyright&quot;:&quot;&quot;,&quot;focal_length&quot;:&quot;0&quot;,&quot;iso&quot;:&quot;0&quot;,&quot;shutter_speed&quot;:&quot;0&quot;,&quot;title&quot;:&quot;&quot;,&quot;orientation&quot;:&quot;1&quot;}\" data-image-title=\"irene et champagne\" data-image-description=\"\" data-image-caption=\"\" data-medium-file=\"https:\/\/gsara.tv\/charleroi\/wp-content\/uploads\/2015\/08\/irene-et-champagne-300x225.jpg\" data-large-file=\"https:\/\/gsara.tv\/charleroi\/wp-content\/uploads\/2015\/08\/irene-et-champagne-1024x768.jpg\" decoding=\"async\" loading=\"lazy\" class=\"alignleft size-thumbnail wp-image-109869\" src=\"http:\/\/gsara.tv\/charleroi\/wp-content\/uploads\/2015\/08\/irene-et-champagne-150x150.jpg\" alt=\"irene et champagne\" width=\"150\" height=\"150\" srcset=\"https:\/\/gsara.tv\/charleroi\/wp-content\/uploads\/2015\/08\/irene-et-champagne-150x150.jpg 150w, https:\/\/gsara.tv\/charleroi\/wp-content\/uploads\/2015\/08\/irene-et-champagne-144x144.jpg 144w\" sizes=\"(max-width: 150px) 100vw, 150px\" \/><\/a> <a href=\"http:\/\/gsara.tv\/charleroi\/wp-content\/uploads\/2015\/08\/irene-et-livre.jpg\" rel=\"lightbox[109812]\"><img data-attachment-id=\"109870\" data-permalink=\"https:\/\/gsara.tv\/charleroi\/presentation-des-cliches-realises-avec-la-maison-de-repos-de-gilly\/irene-et-livre\/\" data-orig-file=\"https:\/\/gsara.tv\/charleroi\/wp-content\/uploads\/2015\/08\/irene-et-livre.jpg\" data-orig-size=\"2616,3488\" data-comments-opened=\"0\" data-image-meta=\"{&quot;aperture&quot;:&quot;0&quot;,&quot;credit&quot;:&quot;&quot;,&quot;camera&quot;:&quot;&quot;,&quot;caption&quot;:&quot;&quot;,&quot;created_timestamp&quot;:&quot;0&quot;,&quot;copyright&quot;:&quot;&quot;,&quot;focal_length&quot;:&quot;0&quot;,&quot;iso&quot;:&quot;0&quot;,&quot;shutter_speed&quot;:&quot;0&quot;,&quot;title&quot;:&quot;&quot;,&quot;orientation&quot;:&quot;1&quot;}\" data-image-title=\"irene et livre\" data-image-description=\"\" data-image-caption=\"\" data-medium-file=\"https:\/\/gsara.tv\/charleroi\/wp-content\/uploads\/2015\/08\/irene-et-livre-225x300.jpg\" data-large-file=\"https:\/\/gsara.tv\/charleroi\/wp-content\/uploads\/2015\/08\/irene-et-livre-768x1024.jpg\" decoding=\"async\" loading=\"lazy\" class=\"alignleft size-thumbnail wp-image-109870\" src=\"http:\/\/gsara.tv\/charleroi\/wp-content\/uploads\/2015\/08\/irene-et-livre-150x150.jpg\" alt=\"irene et livre\" width=\"150\" height=\"150\" srcset=\"https:\/\/gsara.tv\/charleroi\/wp-content\/uploads\/2015\/08\/irene-et-livre-150x150.jpg 150w, https:\/\/gsara.tv\/charleroi\/wp-content\/uploads\/2015\/08\/irene-et-livre-144x144.jpg 144w\" sizes=\"(max-width: 150px) 100vw, 150px\" \/><\/a> <a href=\"http:\/\/gsara.tv\/charleroi\/wp-content\/uploads\/2015\/08\/Irene-et-pissenlit.jpg\" rel=\"lightbox[109812]\"><img data-attachment-id=\"109871\" data-permalink=\"https:\/\/gsara.tv\/charleroi\/presentation-des-cliches-realises-avec-la-maison-de-repos-de-gilly\/irene-et-pissenlit\/\" data-orig-file=\"https:\/\/gsara.tv\/charleroi\/wp-content\/uploads\/2015\/08\/Irene-et-pissenlit.jpg\" data-orig-size=\"2616,3488\" data-comments-opened=\"0\" data-image-meta=\"{&quot;aperture&quot;:&quot;0&quot;,&quot;credit&quot;:&quot;&quot;,&quot;camera&quot;:&quot;&quot;,&quot;caption&quot;:&quot;&quot;,&quot;created_timestamp&quot;:&quot;0&quot;,&quot;copyright&quot;:&quot;&quot;,&quot;focal_length&quot;:&quot;0&quot;,&quot;iso&quot;:&quot;0&quot;,&quot;shutter_speed&quot;:&quot;0&quot;,&quot;title&quot;:&quot;&quot;,&quot;orientation&quot;:&quot;1&quot;}\" data-image-title=\"Irene et pissenlit\" data-image-description=\"\" data-image-caption=\"\" data-medium-file=\"https:\/\/gsara.tv\/charleroi\/wp-content\/uploads\/2015\/08\/Irene-et-pissenlit-225x300.jpg\" data-large-file=\"https:\/\/gsara.tv\/charleroi\/wp-content\/uploads\/2015\/08\/Irene-et-pissenlit-768x1024.jpg\" decoding=\"async\" loading=\"lazy\" class=\"alignleft size-thumbnail wp-image-109871\" src=\"http:\/\/gsara.tv\/charleroi\/wp-content\/uploads\/2015\/08\/Irene-et-pissenlit-150x150.jpg\" alt=\"Irene et pissenlit\" width=\"150\" height=\"150\" srcset=\"https:\/\/gsara.tv\/charleroi\/wp-content\/uploads\/2015\/08\/Irene-et-pissenlit-150x150.jpg 150w, https:\/\/gsara.tv\/charleroi\/wp-content\/uploads\/2015\/08\/Irene-et-pissenlit-144x144.jpg 144w\" sizes=\"(max-width: 150px) 100vw, 150px\" \/><\/a> <a href=\"http:\/\/gsara.tv\/charleroi\/wp-content\/uploads\/2015\/08\/maria-et-conte-de-f\u00e9e.jpg\" rel=\"lightbox[109812]\"><img data-attachment-id=\"109872\" data-permalink=\"https:\/\/gsara.tv\/charleroi\/presentation-des-cliches-realises-avec-la-maison-de-repos-de-gilly\/maria-et-conte-de-fee\/\" data-orig-file=\"https:\/\/gsara.tv\/charleroi\/wp-content\/uploads\/2015\/08\/maria-et-conte-de-f\u00e9e.jpg\" data-orig-size=\"3488,2616\" data-comments-opened=\"0\" data-image-meta=\"{&quot;aperture&quot;:&quot;0&quot;,&quot;credit&quot;:&quot;&quot;,&quot;camera&quot;:&quot;&quot;,&quot;caption&quot;:&quot;&quot;,&quot;created_timestamp&quot;:&quot;0&quot;,&quot;copyright&quot;:&quot;&quot;,&quot;focal_length&quot;:&quot;0&quot;,&quot;iso&quot;:&quot;0&quot;,&quot;shutter_speed&quot;:&quot;0&quot;,&quot;title&quot;:&quot;&quot;,&quot;orientation&quot;:&quot;1&quot;}\" data-image-title=\"maria et conte de f\u00e9e\" data-image-description=\"\" data-image-caption=\"\" data-medium-file=\"https:\/\/gsara.tv\/charleroi\/wp-content\/uploads\/2015\/08\/maria-et-conte-de-f\u00e9e-300x225.jpg\" data-large-file=\"https:\/\/gsara.tv\/charleroi\/wp-content\/uploads\/2015\/08\/maria-et-conte-de-f\u00e9e-1024x768.jpg\" decoding=\"async\" loading=\"lazy\" class=\"alignleft size-thumbnail wp-image-109872\" src=\"http:\/\/gsara.tv\/charleroi\/wp-content\/uploads\/2015\/08\/maria-et-conte-de-f\u00e9e-150x150.jpg\" alt=\"maria et conte de f\u00e9e\" width=\"150\" height=\"150\" srcset=\"https:\/\/gsara.tv\/charleroi\/wp-content\/uploads\/2015\/08\/maria-et-conte-de-f\u00e9e-150x150.jpg 150w, https:\/\/gsara.tv\/charleroi\/wp-content\/uploads\/2015\/08\/maria-et-conte-de-f\u00e9e-144x144.jpg 144w\" sizes=\"(max-width: 150px) 100vw, 150px\" \/><\/a> <a href=\"http:\/\/gsara.tv\/charleroi\/wp-content\/uploads\/2015\/08\/maria-et-papillon.jpg\" rel=\"lightbox[109812]\"><img data-attachment-id=\"109873\" data-permalink=\"https:\/\/gsara.tv\/charleroi\/presentation-des-cliches-realises-avec-la-maison-de-repos-de-gilly\/maria-et-papillon\/\" data-orig-file=\"https:\/\/gsara.tv\/charleroi\/wp-content\/uploads\/2015\/08\/maria-et-papillon.jpg\" data-orig-size=\"3488,2616\" data-comments-opened=\"0\" data-image-meta=\"{&quot;aperture&quot;:&quot;0&quot;,&quot;credit&quot;:&quot;&quot;,&quot;camera&quot;:&quot;&quot;,&quot;caption&quot;:&quot;&quot;,&quot;created_timestamp&quot;:&quot;0&quot;,&quot;copyright&quot;:&quot;&quot;,&quot;focal_length&quot;:&quot;0&quot;,&quot;iso&quot;:&quot;0&quot;,&quot;shutter_speed&quot;:&quot;0&quot;,&quot;title&quot;:&quot;&quot;,&quot;orientation&quot;:&quot;1&quot;}\" data-image-title=\"maria et papillon\" data-image-description=\"\" data-image-caption=\"\" data-medium-file=\"https:\/\/gsara.tv\/charleroi\/wp-content\/uploads\/2015\/08\/maria-et-papillon-300x225.jpg\" data-large-file=\"https:\/\/gsara.tv\/charleroi\/wp-content\/uploads\/2015\/08\/maria-et-papillon-1024x768.jpg\" decoding=\"async\" loading=\"lazy\" class=\"alignleft size-thumbnail wp-image-109873\" src=\"http:\/\/gsara.tv\/charleroi\/wp-content\/uploads\/2015\/08\/maria-et-papillon-150x150.jpg\" alt=\"maria et papillon\" width=\"150\" height=\"150\" srcset=\"https:\/\/gsara.tv\/charleroi\/wp-content\/uploads\/2015\/08\/maria-et-papillon-150x150.jpg 150w, https:\/\/gsara.tv\/charleroi\/wp-content\/uploads\/2015\/08\/maria-et-papillon-144x144.jpg 144w\" sizes=\"(max-width: 150px) 100vw, 150px\" \/><\/a> <a href=\"http:\/\/gsara.tv\/charleroi\/wp-content\/uploads\/2015\/08\/maria-et-pluie.jpg\" rel=\"lightbox[109812]\"><img data-attachment-id=\"109874\" data-permalink=\"https:\/\/gsara.tv\/charleroi\/presentation-des-cliches-realises-avec-la-maison-de-repos-de-gilly\/maria-et-pluie\/\" data-orig-file=\"https:\/\/gsara.tv\/charleroi\/wp-content\/uploads\/2015\/08\/maria-et-pluie.jpg\" data-orig-size=\"3488,2616\" data-comments-opened=\"0\" data-image-meta=\"{&quot;aperture&quot;:&quot;0&quot;,&quot;credit&quot;:&quot;&quot;,&quot;camera&quot;:&quot;&quot;,&quot;caption&quot;:&quot;&quot;,&quot;created_timestamp&quot;:&quot;0&quot;,&quot;copyright&quot;:&quot;&quot;,&quot;focal_length&quot;:&quot;0&quot;,&quot;iso&quot;:&quot;0&quot;,&quot;shutter_speed&quot;:&quot;0&quot;,&quot;title&quot;:&quot;&quot;,&quot;orientation&quot;:&quot;1&quot;}\" data-image-title=\"maria et pluie\" data-image-description=\"\" data-image-caption=\"\" data-medium-file=\"https:\/\/gsara.tv\/charleroi\/wp-content\/uploads\/2015\/08\/maria-et-pluie-300x225.jpg\" data-large-file=\"https:\/\/gsara.tv\/charleroi\/wp-content\/uploads\/2015\/08\/maria-et-pluie-1024x768.jpg\" decoding=\"async\" loading=\"lazy\" class=\"alignleft size-thumbnail wp-image-109874\" src=\"http:\/\/gsara.tv\/charleroi\/wp-content\/uploads\/2015\/08\/maria-et-pluie-150x150.jpg\" alt=\"maria et pluie\" width=\"150\" height=\"150\" srcset=\"https:\/\/gsara.tv\/charleroi\/wp-content\/uploads\/2015\/08\/maria-et-pluie-150x150.jpg 150w, https:\/\/gsara.tv\/charleroi\/wp-content\/uploads\/2015\/08\/maria-et-pluie-144x144.jpg 144w\" sizes=\"(max-width: 150px) 100vw, 150px\" \/><\/a> <a href=\"http:\/\/gsara.tv\/charleroi\/wp-content\/uploads\/2015\/08\/MARIA.jpg\" rel=\"lightbox[109812]\"><img data-attachment-id=\"109875\" data-permalink=\"https:\/\/gsara.tv\/charleroi\/presentation-des-cliches-realises-avec-la-maison-de-repos-de-gilly\/maria-2\/\" data-orig-file=\"https:\/\/gsara.tv\/charleroi\/wp-content\/uploads\/2015\/08\/MARIA.jpg\" data-orig-size=\"1169,1154\" data-comments-opened=\"0\" data-image-meta=\"{&quot;aperture&quot;:&quot;0&quot;,&quot;credit&quot;:&quot;&quot;,&quot;camera&quot;:&quot;&quot;,&quot;caption&quot;:&quot;&quot;,&quot;created_timestamp&quot;:&quot;0&quot;,&quot;copyright&quot;:&quot;&quot;,&quot;focal_length&quot;:&quot;0&quot;,&quot;iso&quot;:&quot;0&quot;,&quot;shutter_speed&quot;:&quot;0&quot;,&quot;title&quot;:&quot;&quot;,&quot;orientation&quot;:&quot;0&quot;}\" data-image-title=\"MARIA\" data-image-description=\"\" data-image-caption=\"\" data-medium-file=\"https:\/\/gsara.tv\/charleroi\/wp-content\/uploads\/2015\/08\/MARIA-300x296.jpg\" data-large-file=\"https:\/\/gsara.tv\/charleroi\/wp-content\/uploads\/2015\/08\/MARIA-1024x1011.jpg\" decoding=\"async\" loading=\"lazy\" class=\"alignleft size-thumbnail wp-image-109875\" src=\"http:\/\/gsara.tv\/charleroi\/wp-content\/uploads\/2015\/08\/MARIA-150x150.jpg\" alt=\"MARIA\" width=\"150\" height=\"150\" srcset=\"https:\/\/gsara.tv\/charleroi\/wp-content\/uploads\/2015\/08\/MARIA-150x150.jpg 150w, https:\/\/gsara.tv\/charleroi\/wp-content\/uploads\/2015\/08\/MARIA-144x144.jpg 144w\" sizes=\"(max-width: 150px) 100vw, 150px\" \/><\/a> <a href=\"http:\/\/gsara.tv\/charleroi\/wp-content\/uploads\/2015\/08\/MARIEROSE-et-elle-m\u00eame.jpg\" rel=\"lightbox[109812]\"><img data-attachment-id=\"109876\" data-permalink=\"https:\/\/gsara.tv\/charleroi\/presentation-des-cliches-realises-avec-la-maison-de-repos-de-gilly\/marierose-et-elle-meme\/\" data-orig-file=\"https:\/\/gsara.tv\/charleroi\/wp-content\/uploads\/2015\/08\/MARIEROSE-et-elle-m\u00eame.jpg\" data-orig-size=\"3488,2616\" data-comments-opened=\"0\" data-image-meta=\"{&quot;aperture&quot;:&quot;0&quot;,&quot;credit&quot;:&quot;&quot;,&quot;camera&quot;:&quot;&quot;,&quot;caption&quot;:&quot;&quot;,&quot;created_timestamp&quot;:&quot;0&quot;,&quot;copyright&quot;:&quot;&quot;,&quot;focal_length&quot;:&quot;0&quot;,&quot;iso&quot;:&quot;0&quot;,&quot;shutter_speed&quot;:&quot;0&quot;,&quot;title&quot;:&quot;&quot;,&quot;orientation&quot;:&quot;1&quot;}\" data-image-title=\"MARIEROSE et elle m\u00eame\" data-image-description=\"\" data-image-caption=\"\" data-medium-file=\"https:\/\/gsara.tv\/charleroi\/wp-content\/uploads\/2015\/08\/MARIEROSE-et-elle-m\u00eame-300x225.jpg\" data-large-file=\"https:\/\/gsara.tv\/charleroi\/wp-content\/uploads\/2015\/08\/MARIEROSE-et-elle-m\u00eame-1024x768.jpg\" decoding=\"async\" loading=\"lazy\" class=\"alignleft size-thumbnail wp-image-109876\" src=\"http:\/\/gsara.tv\/charleroi\/wp-content\/uploads\/2015\/08\/MARIEROSE-et-elle-m\u00eame-150x150.jpg\" alt=\"MARIEROSE et elle m\u00eame\" width=\"150\" height=\"150\" srcset=\"https:\/\/gsara.tv\/charleroi\/wp-content\/uploads\/2015\/08\/MARIEROSE-et-elle-m\u00eame-150x150.jpg 150w, https:\/\/gsara.tv\/charleroi\/wp-content\/uploads\/2015\/08\/MARIEROSE-et-elle-m\u00eame-144x144.jpg 144w\" sizes=\"(max-width: 150px) 100vw, 150px\" \/><\/a> <a href=\"http:\/\/gsara.tv\/charleroi\/wp-content\/uploads\/2015\/08\/MARIEROSE.jpg\" rel=\"lightbox[109812]\"><img data-attachment-id=\"109877\" data-permalink=\"https:\/\/gsara.tv\/charleroi\/presentation-des-cliches-realises-avec-la-maison-de-repos-de-gilly\/marierose\/\" data-orig-file=\"https:\/\/gsara.tv\/charleroi\/wp-content\/uploads\/2015\/08\/MARIEROSE.jpg\" data-orig-size=\"1200,675\" data-comments-opened=\"0\" data-image-meta=\"{&quot;aperture&quot;:&quot;0&quot;,&quot;credit&quot;:&quot;&quot;,&quot;camera&quot;:&quot;&quot;,&quot;caption&quot;:&quot;&quot;,&quot;created_timestamp&quot;:&quot;0&quot;,&quot;copyright&quot;:&quot;&quot;,&quot;focal_length&quot;:&quot;0&quot;,&quot;iso&quot;:&quot;0&quot;,&quot;shutter_speed&quot;:&quot;0&quot;,&quot;title&quot;:&quot;&quot;,&quot;orientation&quot;:&quot;0&quot;}\" data-image-title=\"MARIEROSE\" data-image-description=\"\" data-image-caption=\"\" data-medium-file=\"https:\/\/gsara.tv\/charleroi\/wp-content\/uploads\/2015\/08\/MARIEROSE-300x169.jpg\" data-large-file=\"https:\/\/gsara.tv\/charleroi\/wp-content\/uploads\/2015\/08\/MARIEROSE-1024x576.jpg\" decoding=\"async\" loading=\"lazy\" class=\"alignleft size-thumbnail wp-image-109877\" src=\"http:\/\/gsara.tv\/charleroi\/wp-content\/uploads\/2015\/08\/MARIEROSE-150x150.jpg\" alt=\"MARIEROSE\" width=\"150\" height=\"150\" srcset=\"https:\/\/gsara.tv\/charleroi\/wp-content\/uploads\/2015\/08\/MARIEROSE-150x150.jpg 150w, https:\/\/gsara.tv\/charleroi\/wp-content\/uploads\/2015\/08\/MARIEROSE-144x144.jpg 144w\" sizes=\"(max-width: 150px) 100vw, 150px\" \/><\/a> <a href=\"http:\/\/gsara.tv\/charleroi\/wp-content\/uploads\/2015\/08\/maurice-et-charleroi.jpg\" rel=\"lightbox[109812]\"><img data-attachment-id=\"109878\" data-permalink=\"https:\/\/gsara.tv\/charleroi\/presentation-des-cliches-realises-avec-la-maison-de-repos-de-gilly\/maurice-et-charleroi\/\" data-orig-file=\"https:\/\/gsara.tv\/charleroi\/wp-content\/uploads\/2015\/08\/maurice-et-charleroi.jpg\" data-orig-size=\"3488,2616\" data-comments-opened=\"0\" data-image-meta=\"{&quot;aperture&quot;:&quot;0&quot;,&quot;credit&quot;:&quot;&quot;,&quot;camera&quot;:&quot;&quot;,&quot;caption&quot;:&quot;&quot;,&quot;created_timestamp&quot;:&quot;0&quot;,&quot;copyright&quot;:&quot;&quot;,&quot;focal_length&quot;:&quot;0&quot;,&quot;iso&quot;:&quot;0&quot;,&quot;shutter_speed&quot;:&quot;0&quot;,&quot;title&quot;:&quot;&quot;,&quot;orientation&quot;:&quot;1&quot;}\" data-image-title=\"maurice et charleroi\" data-image-description=\"\" data-image-caption=\"\" data-medium-file=\"https:\/\/gsara.tv\/charleroi\/wp-content\/uploads\/2015\/08\/maurice-et-charleroi-300x225.jpg\" data-large-file=\"https:\/\/gsara.tv\/charleroi\/wp-content\/uploads\/2015\/08\/maurice-et-charleroi-1024x768.jpg\" decoding=\"async\" loading=\"lazy\" class=\"alignleft size-thumbnail wp-image-109878\" src=\"http:\/\/gsara.tv\/charleroi\/wp-content\/uploads\/2015\/08\/maurice-et-charleroi-150x150.jpg\" alt=\"maurice et charleroi\" width=\"150\" height=\"150\" srcset=\"https:\/\/gsara.tv\/charleroi\/wp-content\/uploads\/2015\/08\/maurice-et-charleroi-150x150.jpg 150w, https:\/\/gsara.tv\/charleroi\/wp-content\/uploads\/2015\/08\/maurice-et-charleroi-144x144.jpg 144w\" sizes=\"(max-width: 150px) 100vw, 150px\" \/><\/a> <a href=\"http:\/\/gsara.tv\/charleroi\/wp-content\/uploads\/2015\/08\/maurice-et-trone.jpg\" rel=\"lightbox[109812]\"><img data-attachment-id=\"109879\" data-permalink=\"https:\/\/gsara.tv\/charleroi\/presentation-des-cliches-realises-avec-la-maison-de-repos-de-gilly\/maurice-et-trone\/\" data-orig-file=\"https:\/\/gsara.tv\/charleroi\/wp-content\/uploads\/2015\/08\/maurice-et-trone.jpg\" data-orig-size=\"2616,3488\" data-comments-opened=\"0\" data-image-meta=\"{&quot;aperture&quot;:&quot;0&quot;,&quot;credit&quot;:&quot;&quot;,&quot;camera&quot;:&quot;&quot;,&quot;caption&quot;:&quot;&quot;,&quot;created_timestamp&quot;:&quot;0&quot;,&quot;copyright&quot;:&quot;&quot;,&quot;focal_length&quot;:&quot;0&quot;,&quot;iso&quot;:&quot;0&quot;,&quot;shutter_speed&quot;:&quot;0&quot;,&quot;title&quot;:&quot;&quot;,&quot;orientation&quot;:&quot;1&quot;}\" data-image-title=\"maurice et trone\" data-image-description=\"\" data-image-caption=\"\" data-medium-file=\"https:\/\/gsara.tv\/charleroi\/wp-content\/uploads\/2015\/08\/maurice-et-trone-225x300.jpg\" data-large-file=\"https:\/\/gsara.tv\/charleroi\/wp-content\/uploads\/2015\/08\/maurice-et-trone-768x1024.jpg\" decoding=\"async\" loading=\"lazy\" class=\"alignleft size-thumbnail wp-image-109879\" src=\"http:\/\/gsara.tv\/charleroi\/wp-content\/uploads\/2015\/08\/maurice-et-trone-150x150.jpg\" alt=\"maurice et trone\" width=\"150\" height=\"150\" srcset=\"https:\/\/gsara.tv\/charleroi\/wp-content\/uploads\/2015\/08\/maurice-et-trone-150x150.jpg 150w, https:\/\/gsara.tv\/charleroi\/wp-content\/uploads\/2015\/08\/maurice-et-trone-144x144.jpg 144w\" sizes=\"(max-width: 150px) 100vw, 150px\" \/><\/a> <a href=\"http:\/\/gsara.tv\/charleroi\/wp-content\/uploads\/2015\/08\/mme-wiel-et-batterie.jpg\" rel=\"lightbox[109812]\"><img data-attachment-id=\"109880\" data-permalink=\"https:\/\/gsara.tv\/charleroi\/presentation-des-cliches-realises-avec-la-maison-de-repos-de-gilly\/mme-wiel-et-batterie\/\" data-orig-file=\"https:\/\/gsara.tv\/charleroi\/wp-content\/uploads\/2015\/08\/mme-wiel-et-batterie.jpg\" data-orig-size=\"1074,900\" data-comments-opened=\"0\" data-image-meta=\"{&quot;aperture&quot;:&quot;0&quot;,&quot;credit&quot;:&quot;&quot;,&quot;camera&quot;:&quot;&quot;,&quot;caption&quot;:&quot;&quot;,&quot;created_timestamp&quot;:&quot;0&quot;,&quot;copyright&quot;:&quot;&quot;,&quot;focal_length&quot;:&quot;0&quot;,&quot;iso&quot;:&quot;0&quot;,&quot;shutter_speed&quot;:&quot;0&quot;,&quot;title&quot;:&quot;&quot;,&quot;orientation&quot;:&quot;1&quot;}\" data-image-title=\"mme wiel et batterie\" data-image-description=\"\" data-image-caption=\"\" data-medium-file=\"https:\/\/gsara.tv\/charleroi\/wp-content\/uploads\/2015\/08\/mme-wiel-et-batterie-300x251.jpg\" data-large-file=\"https:\/\/gsara.tv\/charleroi\/wp-content\/uploads\/2015\/08\/mme-wiel-et-batterie-1024x858.jpg\" decoding=\"async\" loading=\"lazy\" class=\"alignleft size-thumbnail wp-image-109880\" src=\"http:\/\/gsara.tv\/charleroi\/wp-content\/uploads\/2015\/08\/mme-wiel-et-batterie-150x150.jpg\" alt=\"mme wiel et batterie\" width=\"150\" height=\"150\" srcset=\"https:\/\/gsara.tv\/charleroi\/wp-content\/uploads\/2015\/08\/mme-wiel-et-batterie-150x150.jpg 150w, https:\/\/gsara.tv\/charleroi\/wp-content\/uploads\/2015\/08\/mme-wiel-et-batterie-144x144.jpg 144w\" sizes=\"(max-width: 150px) 100vw, 150px\" \/><\/a> <a href=\"http:\/\/gsara.tv\/charleroi\/wp-content\/uploads\/2015\/08\/pierre-et-dentiste.jpg\" rel=\"lightbox[109812]\"><img data-attachment-id=\"109882\" data-permalink=\"https:\/\/gsara.tv\/charleroi\/presentation-des-cliches-realises-avec-la-maison-de-repos-de-gilly\/pierre-et-dentiste\/\" data-orig-file=\"https:\/\/gsara.tv\/charleroi\/wp-content\/uploads\/2015\/08\/pierre-et-dentiste.jpg\" data-orig-size=\"3488,2616\" data-comments-opened=\"0\" data-image-meta=\"{&quot;aperture&quot;:&quot;0&quot;,&quot;credit&quot;:&quot;&quot;,&quot;camera&quot;:&quot;&quot;,&quot;caption&quot;:&quot;&quot;,&quot;created_timestamp&quot;:&quot;0&quot;,&quot;copyright&quot;:&quot;&quot;,&quot;focal_length&quot;:&quot;0&quot;,&quot;iso&quot;:&quot;0&quot;,&quot;shutter_speed&quot;:&quot;0&quot;,&quot;title&quot;:&quot;&quot;,&quot;orientation&quot;:&quot;1&quot;}\" data-image-title=\"pierre et dentiste\" data-image-description=\"\" data-image-caption=\"\" data-medium-file=\"https:\/\/gsara.tv\/charleroi\/wp-content\/uploads\/2015\/08\/pierre-et-dentiste-300x225.jpg\" data-large-file=\"https:\/\/gsara.tv\/charleroi\/wp-content\/uploads\/2015\/08\/pierre-et-dentiste-1024x768.jpg\" decoding=\"async\" loading=\"lazy\" class=\"alignleft size-thumbnail wp-image-109882\" src=\"http:\/\/gsara.tv\/charleroi\/wp-content\/uploads\/2015\/08\/pierre-et-dentiste-150x150.jpg\" alt=\"pierre et dentiste\" width=\"150\" height=\"150\" srcset=\"https:\/\/gsara.tv\/charleroi\/wp-content\/uploads\/2015\/08\/pierre-et-dentiste-150x150.jpg 150w, https:\/\/gsara.tv\/charleroi\/wp-content\/uploads\/2015\/08\/pierre-et-dentiste-144x144.jpg 144w\" sizes=\"(max-width: 150px) 100vw, 150px\" \/><\/a> <a href=\"http:\/\/gsara.tv\/charleroi\/wp-content\/uploads\/2015\/08\/pierre-et-foot.jpg\" rel=\"lightbox[109812]\"><img data-attachment-id=\"109883\" data-permalink=\"https:\/\/gsara.tv\/charleroi\/presentation-des-cliches-realises-avec-la-maison-de-repos-de-gilly\/pierre-et-foot\/\" data-orig-file=\"https:\/\/gsara.tv\/charleroi\/wp-content\/uploads\/2015\/08\/pierre-et-foot.jpg\" data-orig-size=\"3488,2616\" data-comments-opened=\"0\" data-image-meta=\"{&quot;aperture&quot;:&quot;0&quot;,&quot;credit&quot;:&quot;&quot;,&quot;camera&quot;:&quot;&quot;,&quot;caption&quot;:&quot;&quot;,&quot;created_timestamp&quot;:&quot;0&quot;,&quot;copyright&quot;:&quot;&quot;,&quot;focal_length&quot;:&quot;0&quot;,&quot;iso&quot;:&quot;0&quot;,&quot;shutter_speed&quot;:&quot;0&quot;,&quot;title&quot;:&quot;&quot;,&quot;orientation&quot;:&quot;1&quot;}\" data-image-title=\"pierre et foot\" data-image-description=\"\" data-image-caption=\"\" data-medium-file=\"https:\/\/gsara.tv\/charleroi\/wp-content\/uploads\/2015\/08\/pierre-et-foot-300x225.jpg\" data-large-file=\"https:\/\/gsara.tv\/charleroi\/wp-content\/uploads\/2015\/08\/pierre-et-foot-1024x768.jpg\" decoding=\"async\" loading=\"lazy\" class=\"alignleft size-thumbnail wp-image-109883\" src=\"http:\/\/gsara.tv\/charleroi\/wp-content\/uploads\/2015\/08\/pierre-et-foot-150x150.jpg\" alt=\"pierre et foot\" width=\"150\" height=\"150\" srcset=\"https:\/\/gsara.tv\/charleroi\/wp-content\/uploads\/2015\/08\/pierre-et-foot-150x150.jpg 150w, https:\/\/gsara.tv\/charleroi\/wp-content\/uploads\/2015\/08\/pierre-et-foot-144x144.jpg 144w\" sizes=\"(max-width: 150px) 100vw, 150px\" \/><\/a><\/p>\n<p>Merci \u00e0 eux !!!!<\/p>\n","protected":false},"excerpt":{"rendered":"<p>Nous avions d\u00e9j\u00e0 \u00e9voqu\u00e9 avec vous&nbsp;ICI&nbsp;le travail entrepris, lors de notre atelier photo, avec les dynamiques et enthousiastes r\u00e9sidents de Gilly&#8230; Ainsi, apr\u00e8s les objets voyageurs et le grenier reggae, clich\u00e9s dans lesquels les participants nous raconte un peu d&rsquo;eux-m\u00eame en image, nous avons par la suite franchi le pas de se mettre en tant [&hellip;]<\/p>\n","protected":false},"author":2,"featured_media":109826,"comment_status":"closed","ping_status":"closed","sticky":false,"template":"","format":"standard","meta":{"ngg_post_thumbnail":0,"jetpack_publicize_message":"","jetpack_is_tweetstorm":false,"jetpack_publicize_feature_enabled":true,"jetpack_social_post_already_shared":true,"jetpack_social_options":{"image_generator_settings":{"template":"highway","enabled":false}}},"categories":[63],"tags":[],"jetpack_publicize_connections":[],"views":658,"jetpack_featured_media_url":"https:\/\/gsara.tv\/charleroi\/wp-content\/uploads\/2015\/08\/telephone1.jpg","jetpack_sharing_enabled":true,"_links":{"self":[{"href":"https:\/\/gsara.tv\/charleroi\/wp-json\/wp\/v2\/posts\/109812"}],"collection":[{"href":"https:\/\/gsara.tv\/charleroi\/wp-json\/wp\/v2\/posts"}],"about":[{"href":"https:\/\/gsara.tv\/charleroi\/wp-json\/wp\/v2\/types\/post"}],"author":[{"embeddable":true,"href":"https:\/\/gsara.tv\/charleroi\/wp-json\/wp\/v2\/users\/2"}],"replies":[{"embeddable":true,"href":"https:\/\/gsara.tv\/charleroi\/wp-json\/wp\/v2\/comments?post=109812"}],"version-history":[{"count":40,"href":"https:\/\/gsara.tv\/charleroi\/wp-json\/wp\/v2\/posts\/109812\/revisions"}],"predecessor-version":[{"id":110477,"href":"https:\/\/gsara.tv\/charleroi\/wp-json\/wp\/v2\/posts\/109812\/revisions\/110477"}],"wp:featuredmedia":[{"embeddable":true,"href":"https:\/\/gsara.tv\/charleroi\/wp-json\/wp\/v2\/media\/109826"}],"wp:attachment":[{"href":"https:\/\/gsara.tv\/charleroi\/wp-json\/wp\/v2\/media?parent=109812"}],"wp:term":[{"taxonomy":"category","embeddable":true,"href":"https:\/\/gsara.tv\/charleroi\/wp-json\/wp\/v2\/categories?post=109812"},{"taxonomy":"post_tag","embeddable":true,"href":"https:\/\/gsara.tv\/charleroi\/wp-json\/wp\/v2\/tags?post=109812"}],"curies":[{"name":"wp","href":"https:\/\/api.w.org\/{rel}","templated":true}]}}