{"id":110111,"date":"2016-08-24T11:35:29","date_gmt":"2016-08-24T10:35:29","guid":{"rendered":"http:\/\/gsara.tv\/charleroi\/?p=110111"},"modified":"2017-07-10T13:47:08","modified_gmt":"2017-07-10T12:47:08","slug":"blockchain-kesako-introduction-rapide-aux-enjeux-politiques-et-citoyens","status":"publish","type":"post","link":"https:\/\/gsara.tv\/charleroi\/blockchain-kesako-introduction-rapide-aux-enjeux-politiques-et-citoyens\/","title":{"rendered":"Blockchain, Kesako ? Introduction rapide aux enjeux politiques et citoyens"},"content":{"rendered":"<p>Nous avons \u00e9crit deux articles de vulgarisation \u00e0 propos de la Blockchain pour notre magazine, le <a href=\"https:\/\/gsara.tv\/causes\/\" target=\"_blank\">Causes-Toujours<\/a>.<\/p>\n<p><a href=\"https:\/\/gsara.tv\/causes\/blockchain-kesako-introduction-rapide-aux-enjeux-politiques-et-citoyens\/\"><img decoding=\"async\" loading=\"lazy\" class=\"alignnone\" src=\"https:\/\/www.playersmoney.com\/wp-content\/uploads\/2016\/02\/blockchain.jpg\" alt=\"\" width=\"369\" height=\"246\" \/><\/a><\/p>\n<p><strong>Mon intention premi\u00e8re en entamant cet article \u00e9tait de contribuer \u00e0 notre rubrique \u00ab M\u00e9moire(s) \u00bb et d\u2019essayer de cerner les implications d\u2019une nouvelle technologie comme la blockchain dans le champ de la m\u00e9moire. Je n\u2019y suis pas parvenu, ce sera pour un prochain num\u00e9ro. Les d\u00e9j\u00e0 nombreuses sources d\u2019information disponibles sur le web partent dans tous les sens\u00a0: \u00e9conomie, politique, citoyen, artistique.. <\/strong><\/p>\n<p><strong>Je vous relaterai donc ici l\u2019\u00e9tat d\u2019une r\u00e9flexion en cours, pas m\u00fbre du tout. Autour de moi, dans le monde associatif, parmi mes quelques contacts dans le monde de la justice, des institutions ou du cot\u00e9 du monde politique r\u00e9gional (je suis de Charleroi), quand j\u2019\u00e9voque le mot blockchain, c\u2019est le grand n\u00e9ant. Personne ne semble au courant du tsunami annonc\u00e9. Je m\u2019autorise donc en cette \u00e9dition estivale un petit d\u00e9tour du c\u00f4t\u00e9 de la blockchain. Un sujet qui ne concerne pas sp\u00e9cifiquement le domaine audiovisuel mais qui, en tant qu\u2019acteur associatif, concerne le GSARA, ses travailleurs et finalement les citoyens pr\u00e9occup\u00e9s.<\/strong><\/p>\n<p><!--more--><\/p>\n<div id=\"BlogContent\">Lisez la suite sur le site du Causes-Toujours :<\/div>\n<div>\n<h1 class=\"entry-title\">1. <a href=\"https:\/\/gsara.tv\/causes\/blockchain-kesako-introduction-rapide-aux-enjeux-politiques-et-citoyens\/ target=\"_blank\"\">Blockchain, Kesako ? Introduction rapide aux enjeux politiques et citoyens<\/a><\/h1>\n<\/div>\n<h1 class=\"entry-title\">2. <a href=\"https:\/\/gsara.tv\/ep\/?p=94\" target=\"_blank\">La blockchain ! Du Web \u00e0 la cha\u00eene, enjeux civiques<\/a><\/h1>\n<p>&nbsp;<\/p>\n<p><a href=\"https:\/\/gsara.tv\/causes\/blockchain-kesako-introduction-rapide-aux-enjeux-politiques-et-citoyens\/\"><img decoding=\"async\" loading=\"lazy\" class=\"aligncenter\" src=\"https:\/\/www.finyear.com\/photo\/art\/grande\/8625617-13603288.jpg?v=1457455495\" alt=\"\" width=\"870\" height=\"615\" \/><\/a><\/p>\n","protected":false},"excerpt":{"rendered":"<p>Nous avons \u00e9crit deux articles de vulgarisation \u00e0 propos de la Blockchain pour notre magazine, le Causes-Toujours. Mon intention premi\u00e8re en entamant cet article \u00e9tait de contribuer \u00e0 notre rubrique \u00ab M\u00e9moire(s) \u00bb et d\u2019essayer de cerner les implications d\u2019une nouvelle technologie comme la blockchain dans le champ de la m\u00e9moire. Je n\u2019y suis pas [&hellip;]<\/p>\n","protected":false},"author":2,"featured_media":110112,"comment_status":"closed","ping_status":"closed","sticky":false,"template":"","format":"standard","meta":{"ngg_post_thumbnail":0,"jetpack_publicize_message":"","jetpack_is_tweetstorm":false,"jetpack_publicize_feature_enabled":true,"jetpack_social_post_already_shared":true,"jetpack_social_options":{"image_generator_settings":{"template":"highway","enabled":false}}},"categories":[50],"tags":[219,217,210,220,221,218],"jetpack_publicize_connections":[],"views":530,"jetpack_featured_media_url":"https:\/\/gsara.tv\/charleroi\/wp-content\/uploads\/2016\/08\/Napoleon-zuck.jpg","jetpack_sharing_enabled":true,"_links":{"self":[{"href":"https:\/\/gsara.tv\/charleroi\/wp-json\/wp\/v2\/posts\/110111"}],"collection":[{"href":"https:\/\/gsara.tv\/charleroi\/wp-json\/wp\/v2\/posts"}],"about":[{"href":"https:\/\/gsara.tv\/charleroi\/wp-json\/wp\/v2\/types\/post"}],"author":[{"embeddable":true,"href":"https:\/\/gsara.tv\/charleroi\/wp-json\/wp\/v2\/users\/2"}],"replies":[{"embeddable":true,"href":"https:\/\/gsara.tv\/charleroi\/wp-json\/wp\/v2\/comments?post=110111"}],"version-history":[{"count":5,"href":"https:\/\/gsara.tv\/charleroi\/wp-json\/wp\/v2\/posts\/110111\/revisions"}],"predecessor-version":[{"id":110457,"href":"https:\/\/gsara.tv\/charleroi\/wp-json\/wp\/v2\/posts\/110111\/revisions\/110457"}],"wp:featuredmedia":[{"embeddable":true,"href":"https:\/\/gsara.tv\/charleroi\/wp-json\/wp\/v2\/media\/110112"}],"wp:attachment":[{"href":"https:\/\/gsara.tv\/charleroi\/wp-json\/wp\/v2\/media?parent=110111"}],"wp:term":[{"taxonomy":"category","embeddable":true,"href":"https:\/\/gsara.tv\/charleroi\/wp-json\/wp\/v2\/categories?post=110111"},{"taxonomy":"post_tag","embeddable":true,"href":"https:\/\/gsara.tv\/charleroi\/wp-json\/wp\/v2\/tags?post=110111"}],"curies":[{"name":"wp","href":"https:\/\/api.w.org\/{rel}","templated":true}]}}