{"id":110135,"date":"2016-09-13T10:22:38","date_gmt":"2016-09-13T09:22:38","guid":{"rendered":"http:\/\/gsara.tv\/charleroi\/?p=110135"},"modified":"2017-07-11T09:05:54","modified_gmt":"2017-07-11T08:05:54","slug":"kino-carolo-2016","status":"publish","type":"post","link":"https:\/\/gsara.tv\/charleroi\/kino-carolo-2016\/","title":{"rendered":"Kino Carolo 2016"},"content":{"rendered":"<p><a href=\"http:\/\/gsara.tv\/charleroi\/wp-content\/uploads\/2016\/09\/LOGO-KINO-CAROLO-KABARET.jpg\" rel=\"lightbox[110135]\"><img data-attachment-id=\"110143\" data-permalink=\"https:\/\/gsara.tv\/charleroi\/kino-carolo-2016\/logo-kino-carolo-kabaret-2\/\" data-orig-file=\"https:\/\/gsara.tv\/charleroi\/wp-content\/uploads\/2016\/09\/LOGO-KINO-CAROLO-KABARET.jpg\" data-orig-size=\"3471,2307\" data-comments-opened=\"0\" data-image-meta=\"{&quot;aperture&quot;:&quot;0&quot;,&quot;credit&quot;:&quot;&quot;,&quot;camera&quot;:&quot;&quot;,&quot;caption&quot;:&quot;&quot;,&quot;created_timestamp&quot;:&quot;0&quot;,&quot;copyright&quot;:&quot;&quot;,&quot;focal_length&quot;:&quot;0&quot;,&quot;iso&quot;:&quot;0&quot;,&quot;shutter_speed&quot;:&quot;0&quot;,&quot;title&quot;:&quot;&quot;,&quot;orientation&quot;:&quot;1&quot;}\" data-image-title=\"logo-kino-carolo-kabaret\" data-image-description=\"\" data-image-caption=\"\" data-medium-file=\"https:\/\/gsara.tv\/charleroi\/wp-content\/uploads\/2016\/09\/LOGO-KINO-CAROLO-KABARET-300x199.jpg\" data-large-file=\"https:\/\/gsara.tv\/charleroi\/wp-content\/uploads\/2016\/09\/LOGO-KINO-CAROLO-KABARET-1024x681.jpg\" decoding=\"async\" loading=\"lazy\" class=\" size-medium wp-image-110143 aligncenter\" src=\"http:\/\/gsara.tv\/charleroi\/wp-content\/uploads\/2016\/09\/LOGO-KINO-CAROLO-KABARET-300x199.jpg\" alt=\"logo-kino-carolo-kabaret\" width=\"300\" height=\"199\" srcset=\"https:\/\/gsara.tv\/charleroi\/wp-content\/uploads\/2016\/09\/LOGO-KINO-CAROLO-KABARET-300x199.jpg 300w, https:\/\/gsara.tv\/charleroi\/wp-content\/uploads\/2016\/09\/LOGO-KINO-CAROLO-KABARET-1024x681.jpg 1024w, https:\/\/gsara.tv\/charleroi\/wp-content\/uploads\/2016\/09\/LOGO-KINO-CAROLO-KABARET-900x598.jpg 900w\" sizes=\"(max-width: 300px) 100vw, 300px\" \/><\/a><br \/>\n<iframe loading=\"lazy\" class=\"aligncenter\" src=\"https:\/\/www.youtube.com\/embed\/dnLXuFrYSnw\" width=\"280\" height=\"158\" frameborder=\"0\" allowfullscreen=\"allowfullscreen\"><\/iframe><\/p>\n<p>&nbsp;<\/p>\n<p><strong>Il nous aura fallu quelques jours pour remettre le bureau en l&rsquo;\u00e9tat et pour uploader tout ce contenu sur le Net. \u00c7a-y-est,\u00a0 et la moisson est tr\u00e8s bonne cette ann\u00e9e !<\/strong><\/p>\n<p>La seconde \u00e9dition du Kino Carolo s&rsquo;est donc cl\u00f4tur\u00e9e sur un bilan positif, malgr\u00e9 l&rsquo;absence de nos amis italiens, rest\u00e9s au pays\u00a0 en ces jours tragiques d&rsquo;apr\u00e8s tremblement de terre. Nos pens\u00e9es ont \u00e9t\u00e9 vers eux&#8230;.<!--more--><\/p>\n<p>Ce rallye cr\u00e9atif o\u00f9 l&rsquo;on se d\u00e9m\u00e8ne pour concevoir-tourner-monter un film en une semaine aura donc \u00e9t\u00e9 moins international qu&rsquo;en 2015. Saluons tout-de-m\u00eame la pr\u00e9sence de \u00ab\u00a0Daniel le suisse\u00a0\u00bb qui avait fait le d\u00e9placement. Esp\u00e9rons que nous lui aurons donn\u00e9 le go\u00fbt de revenir \u00e0 Charleroi.<\/p>\n<p><a href=\"http:\/\/gsara.tv\/charleroi\/wp-content\/uploads\/2016\/09\/14264044_1167420313296615_6898202589983136669_n.jpg\" rel=\"lightbox[110135]\"><img data-attachment-id=\"110144\" data-permalink=\"https:\/\/gsara.tv\/charleroi\/kino-carolo-2016\/14264044_1167420313296615_6898202589983136669_n\/\" data-orig-file=\"https:\/\/gsara.tv\/charleroi\/wp-content\/uploads\/2016\/09\/14264044_1167420313296615_6898202589983136669_n.jpg\" data-orig-size=\"540,960\" data-comments-opened=\"0\" data-image-meta=\"{&quot;aperture&quot;:&quot;0&quot;,&quot;credit&quot;:&quot;&quot;,&quot;camera&quot;:&quot;&quot;,&quot;caption&quot;:&quot;&quot;,&quot;created_timestamp&quot;:&quot;0&quot;,&quot;copyright&quot;:&quot;&quot;,&quot;focal_length&quot;:&quot;0&quot;,&quot;iso&quot;:&quot;0&quot;,&quot;shutter_speed&quot;:&quot;0&quot;,&quot;title&quot;:&quot;&quot;,&quot;orientation&quot;:&quot;0&quot;}\" data-image-title=\"14264044_1167420313296615_6898202589983136669_n\" data-image-description=\"\" data-image-caption=\"\" data-medium-file=\"https:\/\/gsara.tv\/charleroi\/wp-content\/uploads\/2016\/09\/14264044_1167420313296615_6898202589983136669_n-169x300.jpg\" data-large-file=\"https:\/\/gsara.tv\/charleroi\/wp-content\/uploads\/2016\/09\/14264044_1167420313296615_6898202589983136669_n.jpg\" decoding=\"async\" loading=\"lazy\" class=\"aligncenter wp-image-110144\" src=\"http:\/\/gsara.tv\/charleroi\/wp-content\/uploads\/2016\/09\/14264044_1167420313296615_6898202589983136669_n-169x300.jpg\" alt=\"14264044_1167420313296615_6898202589983136669_n\" width=\"192\" height=\"341\" srcset=\"https:\/\/gsara.tv\/charleroi\/wp-content\/uploads\/2016\/09\/14264044_1167420313296615_6898202589983136669_n-169x300.jpg 169w, https:\/\/gsara.tv\/charleroi\/wp-content\/uploads\/2016\/09\/14264044_1167420313296615_6898202589983136669_n.jpg 540w\" sizes=\"(max-width: 192px) 100vw, 192px\" \/><\/a><\/p>\n<p>Une des particularit\u00e9s de cette \u00e9dition fut la pr\u00e9sence de nombreux enfants dont 4 comme r\u00e9alisateurs\u00a0! ( Alyssa, 10 ans avec le film \u00ab\u00a0l\u2019esprit de la ferme\u00a0\u00bb, Galat\u00e9e, 14 ans avec son \u00ab\u00a0amus\u00e9s par la mort\u00a0\u00bb, Marvin est Goliath et r\u00eavait de faire un film sur le sporting et Khevyn -15 ans- avec \u00ab\u00a0l\u2019enfant de lumi\u00e8re\u00a0\u00bb ). Nous f\u00e9licitons ces quatre talents pour leur audace et pers\u00e9v\u00e9rance. On se revoit \u00e0 Cannes dans 20 ans !<\/p>\n<p><iframe loading=\"lazy\" src=\"https:\/\/www.youtube.com\/embed\/8ap8Vx81oGI\" width=\"280\" height=\"158\" frameborder=\"0\" allowfullscreen=\"allowfullscreen\"><\/iframe> <iframe loading=\"lazy\" src=\"https:\/\/www.youtube.com\/embed\/6MZdnJskYFk\" width=\"280\" height=\"158\" frameborder=\"0\" allowfullscreen=\"allowfullscreen\"><\/iframe> <iframe loading=\"lazy\" src=\"https:\/\/www.youtube.com\/embed\/_ebSjvedEyo\" width=\"280\" height=\"158\" frameborder=\"0\" allowfullscreen=\"allowfullscreen\"><\/iframe>\u00a0<a href=\"http:\/\/gsara.tv\/charleroi\/wp-content\/uploads\/2016\/09\/14238099_1850725688493464_2986146820566493089_n.jpg\" rel=\"lightbox[110135]\"><img decoding=\"async\" loading=\"lazy\" src=\"http:\/\/gsara.tv\/charleroi\/wp-content\/uploads\/2016\/09\/14238099_1850725688493464_2986146820566493089_n-300x200.jpg\" alt=\"14238099_1850725688493464_2986146820566493089_n\" width=\"272\" height=\"181\" \/><\/a><\/p>\n<p>&nbsp;<\/p>\n<p>Le reste de la troupe s&rsquo;est d\u00e9men\u00e9 et a r\u00e9ussi le pari de boucler les 16 projets \u00e9voqu\u00e9s le premier jour, lors de la r\u00e9union de prod.\u00a0 D\u00e9brouille, imagination, inventivit\u00e9 et malice sont indispensables aux r\u00e9alisateurs et aux techniciens pour \u00ab\u00a0mettre en boite\u00a0\u00bb leur projet.<\/p>\n<p><a href=\"http:\/\/gsara.tv\/charleroi\/wp-content\/uploads\/2016\/09\/DSC_6189.jpg\" rel=\"lightbox[110135]\"><img data-attachment-id=\"110138\" data-permalink=\"https:\/\/gsara.tv\/charleroi\/kino-carolo-2016\/dsc_6189\/\" data-orig-file=\"https:\/\/gsara.tv\/charleroi\/wp-content\/uploads\/2016\/09\/DSC_6189.jpg\" data-orig-size=\"3264,1836\" data-comments-opened=\"0\" data-image-meta=\"{&quot;aperture&quot;:&quot;0&quot;,&quot;credit&quot;:&quot;&quot;,&quot;camera&quot;:&quot;&quot;,&quot;caption&quot;:&quot;&quot;,&quot;created_timestamp&quot;:&quot;0&quot;,&quot;copyright&quot;:&quot;&quot;,&quot;focal_length&quot;:&quot;0&quot;,&quot;iso&quot;:&quot;0&quot;,&quot;shutter_speed&quot;:&quot;0&quot;,&quot;title&quot;:&quot;&quot;,&quot;orientation&quot;:&quot;0&quot;}\" data-image-title=\"dsc_6189\" data-image-description=\"\" data-image-caption=\"\" data-medium-file=\"https:\/\/gsara.tv\/charleroi\/wp-content\/uploads\/2016\/09\/DSC_6189-300x169.jpg\" data-large-file=\"https:\/\/gsara.tv\/charleroi\/wp-content\/uploads\/2016\/09\/DSC_6189-1024x576.jpg\" decoding=\"async\" loading=\"lazy\" class=\"aligncenter wp-image-110138\" src=\"http:\/\/gsara.tv\/charleroi\/wp-content\/uploads\/2016\/09\/DSC_6189-300x169.jpg\" alt=\"dsc_6189\" width=\"431\" height=\"243\" srcset=\"https:\/\/gsara.tv\/charleroi\/wp-content\/uploads\/2016\/09\/DSC_6189-300x169.jpg 300w, https:\/\/gsara.tv\/charleroi\/wp-content\/uploads\/2016\/09\/DSC_6189-1024x576.jpg 1024w, https:\/\/gsara.tv\/charleroi\/wp-content\/uploads\/2016\/09\/DSC_6189-900x506.jpg 900w\" sizes=\"(max-width: 431px) 100vw, 431px\" \/><\/a><\/p>\n<p>Par exemple, on se souviens avoir encha\u00een\u00e9 avec Eng le r\u00e9alisateur, 10 plans pour trois films diff\u00e9rents sur les 200m qui s\u00e9parent le palais de justice du parc, le tout en l&rsquo;espace d&rsquo;une heure et demie ! (j&rsquo;vous dis pas le bazar pour trier les cartes SD au montage!)<\/p>\n<p><a href=\"http:\/\/gsara.tv\/charleroi\/wp-content\/uploads\/2016\/09\/14237566_10208458345109448_3859255967993354181_n.jpg\" rel=\"lightbox[110135]\"><img data-attachment-id=\"110150\" data-permalink=\"https:\/\/gsara.tv\/charleroi\/kino-carolo-2016\/14237566_10208458345109448_3859255967993354181_n\/\" data-orig-file=\"https:\/\/gsara.tv\/charleroi\/wp-content\/uploads\/2016\/09\/14237566_10208458345109448_3859255967993354181_n.jpg\" data-orig-size=\"720,960\" data-comments-opened=\"0\" data-image-meta=\"{&quot;aperture&quot;:&quot;0&quot;,&quot;credit&quot;:&quot;&quot;,&quot;camera&quot;:&quot;&quot;,&quot;caption&quot;:&quot;&quot;,&quot;created_timestamp&quot;:&quot;0&quot;,&quot;copyright&quot;:&quot;&quot;,&quot;focal_length&quot;:&quot;0&quot;,&quot;iso&quot;:&quot;0&quot;,&quot;shutter_speed&quot;:&quot;0&quot;,&quot;title&quot;:&quot;&quot;,&quot;orientation&quot;:&quot;0&quot;}\" data-image-title=\"14237566_10208458345109448_3859255967993354181_n\" data-image-description=\"\" data-image-caption=\"\" data-medium-file=\"https:\/\/gsara.tv\/charleroi\/wp-content\/uploads\/2016\/09\/14237566_10208458345109448_3859255967993354181_n-225x300.jpg\" data-large-file=\"https:\/\/gsara.tv\/charleroi\/wp-content\/uploads\/2016\/09\/14237566_10208458345109448_3859255967993354181_n.jpg\" decoding=\"async\" loading=\"lazy\" class=\"aligncenter wp-image-110150\" src=\"http:\/\/gsara.tv\/charleroi\/wp-content\/uploads\/2016\/09\/14237566_10208458345109448_3859255967993354181_n-225x300.jpg\" alt=\"14237566_10208458345109448_3859255967993354181_n\" width=\"282\" height=\"376\" srcset=\"https:\/\/gsara.tv\/charleroi\/wp-content\/uploads\/2016\/09\/14237566_10208458345109448_3859255967993354181_n-225x300.jpg 225w, https:\/\/gsara.tv\/charleroi\/wp-content\/uploads\/2016\/09\/14237566_10208458345109448_3859255967993354181_n.jpg 720w\" sizes=\"(max-width: 282px) 100vw, 282px\" \/><\/a><\/p>\n<p>R\u00e9activit\u00e9, entraide et caf\u00e9-\u00e0-gogo le sont \u00e9galement afin de boucler le tout pour la projection du samedi. C&rsquo;est Cath qui faisait la pr\u00e9sentratrice !<\/p>\n<p><a href=\"http:\/\/gsara.tv\/charleroi\/wp-content\/uploads\/2016\/09\/14192510_1257244027660024_4612633049178687128_n.jpg\" rel=\"lightbox[110135]\"><img data-attachment-id=\"110140\" data-permalink=\"https:\/\/gsara.tv\/charleroi\/kino-carolo-2016\/14192510_1257244027660024_4612633049178687128_n\/\" data-orig-file=\"https:\/\/gsara.tv\/charleroi\/wp-content\/uploads\/2016\/09\/14192510_1257244027660024_4612633049178687128_n.jpg\" data-orig-size=\"960,720\" data-comments-opened=\"0\" data-image-meta=\"{&quot;aperture&quot;:&quot;0&quot;,&quot;credit&quot;:&quot;&quot;,&quot;camera&quot;:&quot;&quot;,&quot;caption&quot;:&quot;&quot;,&quot;created_timestamp&quot;:&quot;0&quot;,&quot;copyright&quot;:&quot;&quot;,&quot;focal_length&quot;:&quot;0&quot;,&quot;iso&quot;:&quot;0&quot;,&quot;shutter_speed&quot;:&quot;0&quot;,&quot;title&quot;:&quot;&quot;,&quot;orientation&quot;:&quot;0&quot;}\" data-image-title=\"14192510_1257244027660024_4612633049178687128_n\" data-image-description=\"\" data-image-caption=\"\" data-medium-file=\"https:\/\/gsara.tv\/charleroi\/wp-content\/uploads\/2016\/09\/14192510_1257244027660024_4612633049178687128_n-300x225.jpg\" data-large-file=\"https:\/\/gsara.tv\/charleroi\/wp-content\/uploads\/2016\/09\/14192510_1257244027660024_4612633049178687128_n.jpg\" decoding=\"async\" loading=\"lazy\" class=\"aligncenter wp-image-110140\" src=\"http:\/\/gsara.tv\/charleroi\/wp-content\/uploads\/2016\/09\/14192510_1257244027660024_4612633049178687128_n-300x225.jpg\" alt=\"14192510_1257244027660024_4612633049178687128_n\" width=\"344\" height=\"258\" srcset=\"https:\/\/gsara.tv\/charleroi\/wp-content\/uploads\/2016\/09\/14192510_1257244027660024_4612633049178687128_n-300x225.jpg 300w, https:\/\/gsara.tv\/charleroi\/wp-content\/uploads\/2016\/09\/14192510_1257244027660024_4612633049178687128_n-900x675.jpg 900w, https:\/\/gsara.tv\/charleroi\/wp-content\/uploads\/2016\/09\/14192510_1257244027660024_4612633049178687128_n.jpg 960w\" sizes=\"(max-width: 344px) 100vw, 344px\" \/><\/a><\/p>\n<p><span lang=\"FR\">16 films r\u00e9alis\u00e9s \u00a0! <\/span>Une bonne majorit\u00e9 des films ont \u00e9t\u00e9 mont\u00e9s dans nos bureaux. Ce qui explique aussi les quelques \u00ab\u00a0coquilles\u00a0\u00bb cin\u00e9matographiques qui subsistent dans certains montages.\u00a0 Les trois derniers jours de la semaine furent \u00e9piques ! Par exemple, on se revois en train de faire un titrage sur la machine 1 pendant que la 2 fait son rendu et que sur le Mac, Adobe Premiere et FinalCut sont ouverts en m\u00eame temps. C&rsquo;est alors que C\u00e9dric arrive pile \u00e0 l&rsquo;heure pour tourner sa s\u00e9quence \u00ab\u00a02001 Odyss\u00e9e de l&rsquo;espace\u00a0\u00bb, couch\u00e9 \u00e0 terre, la t\u00eate sous la bouteille de la fontaine \u00e0 eau qui fait casque de navette spatiale !!<\/p>\n<p><a href=\"http:\/\/gsara.tv\/charleroi\/wp-content\/uploads\/2016\/09\/DSC_6182.jpg\" rel=\"lightbox[110135]\"><img data-attachment-id=\"110137\" data-permalink=\"https:\/\/gsara.tv\/charleroi\/kino-carolo-2016\/dsc_6182\/\" data-orig-file=\"https:\/\/gsara.tv\/charleroi\/wp-content\/uploads\/2016\/09\/DSC_6182.jpg\" data-orig-size=\"3264,1836\" data-comments-opened=\"0\" data-image-meta=\"{&quot;aperture&quot;:&quot;0&quot;,&quot;credit&quot;:&quot;&quot;,&quot;camera&quot;:&quot;&quot;,&quot;caption&quot;:&quot;&quot;,&quot;created_timestamp&quot;:&quot;0&quot;,&quot;copyright&quot;:&quot;&quot;,&quot;focal_length&quot;:&quot;0&quot;,&quot;iso&quot;:&quot;0&quot;,&quot;shutter_speed&quot;:&quot;0&quot;,&quot;title&quot;:&quot;&quot;,&quot;orientation&quot;:&quot;0&quot;}\" data-image-title=\"dsc_6182\" data-image-description=\"\" data-image-caption=\"\" data-medium-file=\"https:\/\/gsara.tv\/charleroi\/wp-content\/uploads\/2016\/09\/DSC_6182-300x169.jpg\" data-large-file=\"https:\/\/gsara.tv\/charleroi\/wp-content\/uploads\/2016\/09\/DSC_6182-1024x576.jpg\" decoding=\"async\" loading=\"lazy\" class=\"aligncenter wp-image-110137\" src=\"http:\/\/gsara.tv\/charleroi\/wp-content\/uploads\/2016\/09\/DSC_6182-300x169.jpg\" alt=\"dsc_6182\" width=\"460\" height=\"259\" srcset=\"https:\/\/gsara.tv\/charleroi\/wp-content\/uploads\/2016\/09\/DSC_6182-300x169.jpg 300w, https:\/\/gsara.tv\/charleroi\/wp-content\/uploads\/2016\/09\/DSC_6182-1024x576.jpg 1024w, https:\/\/gsara.tv\/charleroi\/wp-content\/uploads\/2016\/09\/DSC_6182-900x506.jpg 900w\" sizes=\"(max-width: 460px) 100vw, 460px\" \/><\/a><\/p>\n<p><iframe loading=\"lazy\" class=\"aligncenter\" src=\"https:\/\/www.youtube.com\/embed\/alebsh-wpyA\" width=\"280\" height=\"158\" frameborder=\"0\" allowfullscreen=\"allowfullscreen\"><\/iframe><\/p>\n<p>&nbsp;<\/p>\n<p><a href=\"https:\/\/www.youtube.com\/channel\/UCg40Ecn8dzshbJgSf3_KdUA\" target=\"_blank\" rel=\"noopener\">Le r\u00e9sultat<\/a> en valait la peine. Lors de la projection finale, beaucoup de fatigue et d&rsquo;\u00e9motions se lisaient dans les yeux de chacun. Que d&rsquo;aventures et que de films ! Que de talents ici, \u00e0 Charleroi !<\/p>\n<figure id=\"attachment_110141\" aria-describedby=\"caption-attachment-110141\" style=\"width: 210px\" class=\"wp-caption aligncenter\"><a href=\"http:\/\/gsara.tv\/charleroi\/wp-content\/uploads\/2016\/09\/DSC_6181.jpg\" rel=\"lightbox[110135]\"><img data-attachment-id=\"110141\" data-permalink=\"https:\/\/gsara.tv\/charleroi\/kino-carolo-2016\/dsc_6181\/\" data-orig-file=\"https:\/\/gsara.tv\/charleroi\/wp-content\/uploads\/2016\/09\/DSC_6181-e1473747302362.jpg\" data-orig-size=\"1836,3264\" data-comments-opened=\"0\" data-image-meta=\"{&quot;aperture&quot;:&quot;2.6&quot;,&quot;credit&quot;:&quot;&quot;,&quot;camera&quot;:&quot;MK16i&quot;,&quot;caption&quot;:&quot;&quot;,&quot;created_timestamp&quot;:&quot;1472644992&quot;,&quot;copyright&quot;:&quot;&quot;,&quot;focal_length&quot;:&quot;4.1&quot;,&quot;iso&quot;:&quot;160&quot;,&quot;shutter_speed&quot;:&quot;0.03125&quot;,&quot;title&quot;:&quot;&quot;,&quot;orientation&quot;:&quot;6&quot;}\" data-image-title=\"dsc_6181\" data-image-description=\"\" data-image-caption=\"\" data-medium-file=\"https:\/\/gsara.tv\/charleroi\/wp-content\/uploads\/2016\/09\/DSC_6181-e1473747302362-169x300.jpg\" data-large-file=\"https:\/\/gsara.tv\/charleroi\/wp-content\/uploads\/2016\/09\/DSC_6181-e1473747302362-576x1024.jpg\" decoding=\"async\" loading=\"lazy\" class=\"wp-image-110141 \" src=\"http:\/\/gsara.tv\/charleroi\/wp-content\/uploads\/2016\/09\/DSC_6181-e1473747302362-169x300.jpg\" alt=\"dsc_6181\" width=\"210\" height=\"373\" srcset=\"https:\/\/gsara.tv\/charleroi\/wp-content\/uploads\/2016\/09\/DSC_6181-e1473747302362-169x300.jpg 169w, https:\/\/gsara.tv\/charleroi\/wp-content\/uploads\/2016\/09\/DSC_6181-e1473747302362-576x1024.jpg 576w, https:\/\/gsara.tv\/charleroi\/wp-content\/uploads\/2016\/09\/DSC_6181-e1473747302362-900x1600.jpg 900w, https:\/\/gsara.tv\/charleroi\/wp-content\/uploads\/2016\/09\/DSC_6181-e1473747302362.jpg 1836w\" sizes=\"(max-width: 210px) 100vw, 210px\" \/><\/a><figcaption id=\"caption-attachment-110141\" class=\"wp-caption-text\">le festival, bien annonc\u00e9 dans les couloirs du CPAS.<\/figcaption><\/figure>\n<p><iframe loading=\"lazy\" class=\"aligncenter\" src=\"https:\/\/www.youtube.com\/embed\/fj4cqBIe5XI\" width=\"280\" height=\"158\" frameborder=\"0\" allowfullscreen=\"allowfullscreen\"><\/iframe><\/p>\n<p>&nbsp;<\/p>\n<p><a href=\"http:\/\/gsara.tv\/charleroi\/wp-content\/uploads\/2016\/09\/DSC_6188.jpg\" rel=\"lightbox[110135]\"><img data-attachment-id=\"110139\" data-permalink=\"https:\/\/gsara.tv\/charleroi\/kino-carolo-2016\/dsc_6188\/\" data-orig-file=\"https:\/\/gsara.tv\/charleroi\/wp-content\/uploads\/2016\/09\/DSC_6188.jpg\" data-orig-size=\"3264,1836\" data-comments-opened=\"0\" data-image-meta=\"{&quot;aperture&quot;:&quot;0&quot;,&quot;credit&quot;:&quot;&quot;,&quot;camera&quot;:&quot;&quot;,&quot;caption&quot;:&quot;&quot;,&quot;created_timestamp&quot;:&quot;0&quot;,&quot;copyright&quot;:&quot;&quot;,&quot;focal_length&quot;:&quot;0&quot;,&quot;iso&quot;:&quot;0&quot;,&quot;shutter_speed&quot;:&quot;0&quot;,&quot;title&quot;:&quot;&quot;,&quot;orientation&quot;:&quot;0&quot;}\" data-image-title=\"dsc_6188\" data-image-description=\"\" data-image-caption=\"\" data-medium-file=\"https:\/\/gsara.tv\/charleroi\/wp-content\/uploads\/2016\/09\/DSC_6188-300x169.jpg\" data-large-file=\"https:\/\/gsara.tv\/charleroi\/wp-content\/uploads\/2016\/09\/DSC_6188-1024x576.jpg\" decoding=\"async\" loading=\"lazy\" class=\"aligncenter wp-image-110139\" src=\"http:\/\/gsara.tv\/charleroi\/wp-content\/uploads\/2016\/09\/DSC_6188-300x169.jpg\" alt=\"dsc_6188\" width=\"418\" height=\"236\" srcset=\"https:\/\/gsara.tv\/charleroi\/wp-content\/uploads\/2016\/09\/DSC_6188-300x169.jpg 300w, https:\/\/gsara.tv\/charleroi\/wp-content\/uploads\/2016\/09\/DSC_6188-1024x576.jpg 1024w, https:\/\/gsara.tv\/charleroi\/wp-content\/uploads\/2016\/09\/DSC_6188-900x506.jpg 900w\" sizes=\"(max-width: 418px) 100vw, 418px\" \/><\/a><\/p>\n<p><iframe loading=\"lazy\" class=\"aligncenter\" src=\"https:\/\/www.youtube.com\/embed\/Da_c6f3riPA\" width=\"280\" height=\"158\" frameborder=\"0\" allowfullscreen=\"allowfullscreen\"><\/iframe><\/p>\n<p>&nbsp;<\/p>\n<p>Pour le Gsara, le Kino c&rsquo;est aussi un excellent dispositif de d\u00e9part pour faire de l&rsquo;\u00e9ducation aux m\u00e9dias dans le cadre de l&rsquo;\u00e9ducation permanente : des pros et des d\u00e9butants, des jeunes et des vieux, des repr\u00e9sentants des institutions, des touristes, des carolos pris de surprise mais toujours pr\u00eats \u00e0 filer un coup de main \u00e0 ces nombreux tournages en ville, &#8230;.<\/p>\n<p><iframe loading=\"lazy\" class=\"aligncenter\" src=\"https:\/\/www.youtube.com\/embed\/Z842-RMpJew\" width=\"280\" height=\"158\" frameborder=\"0\" allowfullscreen=\"allowfullscreen\"><\/iframe><\/p>\n<p>En guise d&rsquo;\u00e9pilogue \u00e0 cette aventure, une petite r\u00e9flexion que nous nous sommes fait lors de la projection : \u00ab\u00a0Que de talents mais aussi que d&rsquo;amertume chez les carolos. Regardons les th\u00e9matiques, regardons la fa\u00e7on dont on parle (encore) de la ville&#8230; Chaque film est critique \u00e0 sa fa\u00e7on et parle \u00ab\u00a0de Charleroi\u00a0\u00bb comme d&rsquo;un coin d\u00e9vast\u00e9, traumatis\u00e9 ou \u00e0 reconstruire apr\u00e8s une incertaine catastrophe. Il y a des constats que l&rsquo;on a pas encore tir\u00e9 et les artistes du cru nous le rappellent, la pilule n&rsquo;est pas encore pass\u00e9e et l&rsquo;avenir est toujours fort incertain voire carr\u00e9ment sombre sur ce territoire que l&rsquo;on ch\u00e9rit malgr\u00e9 tout.\u00a0\u00bb En quittant la MPA pour aller f\u00eater cette fin de semaine, les kino\u00efdes sont retourn\u00e9s dans le monde en 360\u00b0 et ont crois\u00e9s tous ces brassards de soutien aux travailleurs de Caterpillar &#8230;.<\/p>\n<p>Le cinema social \u00e0 encore de beaux jours devant lui \u00e0 Charleroi&#8230;..<\/p>\n<p>Aller voir <a href=\"https:\/\/www.youtube.com\/channel\/UCg40Ecn8dzshbJgSf3_KdUA\" target=\"_blank\" rel=\"noopener\">la chaine Youtube du Festival <\/a>: 16 p\u00e9pites.<\/p>\n<p><iframe loading=\"lazy\" class=\"aligncenter\" src=\"https:\/\/www.youtube.com\/embed\/3nLBchenDP8\" width=\"280\" height=\"158\" frameborder=\"0\" allowfullscreen=\"allowfullscreen\"><\/iframe><\/p>\n<p>&#8212;&#8212;&#8212;&#8212;&#8212;&#8212;&#8212;&#8212;&#8212;&#8212;&#8212;&#8212;&#8212;&#8212;&#8212;&#8211;<\/p>\n<p>Quelques traces de ce kino<\/p>\n<p class=\"TableContents\"><span lang=\"FR\"><a href=\"http:\/\/www.telesambre.be\/-le-festival-kino-carolo-demarre-ce-samedi_d_18881.html\" target=\"_blank\" rel=\"noopener\">http:\/\/www.telesambre.be\/-le-festival-kino-carolo-demarre-ce-samedi_d_18881.html<\/a> <\/span><\/p>\n<p class=\"TableContents\"><span lang=\"FR\"><a href=\"http:\/\/www.telesambre.be\/-clap-on-tourne-_d_18114.html\" target=\"_blank\" rel=\"noopener\">http:\/\/www.telesambre.be\/-clap-on-tourne-_d_18114.html<\/a> <\/span><\/p>\n<p class=\"TableContents\"><span lang=\"FR\"><a href=\"http:\/\/www.telesambre.be\/-le-cineaste-thierry-michel-au-festival-kino-carolo_d_18931.html\" target=\"_blank\" rel=\"noopener\">http:\/\/www.telesambre.be\/-le-cineaste-thierry-michel-au-festival-kino-carolo_d_18931.html<\/a> <\/span><\/p>\n<p class=\"TableContents\"><span lang=\"FR\">\u00a0<a href=\"http:\/\/www.cpascharleroi.be\/actualites\/363-festival-kino-carolo.html\" target=\"_blank\" rel=\"noopener\">http:\/\/www.cpascharleroi.be\/actualites\/363-festival-kino-carolo.html<\/a><br \/>\n<\/span><\/p>\n<p class=\"TableContents\"><span lang=\"FR\">\u00a0<\/span><\/p>\n<p class=\"TableContents\"><span lang=\"FR\">la chaine youtube\u00a0: <a href=\"https:\/\/www.youtube.com\/channel\/UCg40Ecn8dzshbJgSf3_KdUA\" target=\"_blank\" rel=\"noopener\">https:\/\/www.youtube.com\/channel\/UCg40Ecn8dzshbJgSf3_KdUA<\/a> <\/span><\/p>\n<p class=\"TableContents\"><span lang=\"FR\">le site du festival\u00a0: <a href=\"http:\/\/kinokabaretcarolo.wix.com\/edition2016\" target=\"_blank\" rel=\"noopener\">http:\/\/kinokabaretcarolo.wix.com\/edition2016<\/a> <\/span><\/p>\n<p class=\"TableContents\"><span lang=\"FR\">sur Facebook\u00a0:<\/span><\/p>\n<p>La page Kino : <a href=\"https:\/\/www.facebook.com\/Festival-Kino-Carolo-726483904145862\/\">https:\/\/www.facebook.com\/Festival-Kino-Carolo-726483904145862\/<\/a><\/p>\n<p>L&rsquo;Event : <a href=\"https:\/\/www.facebook.com\/events\/667571990048038\/\">https:\/\/www.facebook.com\/events\/667571990048038\/<\/a><\/p>\n<p>Photo by Holy Noise (copyleft) :<br \/>\nFirst day : <a href=\"https:\/\/www.facebook.com\/media\/set\/?set=a.1850723781826988.1073741861.100006681525053&amp;type=3\" target=\"_blank\" rel=\"noopener\">https:\/\/www.facebook.com\/media\/set\/?set=a.1850723781826988.1073741861.100006681525053&amp;type=3<\/a><br \/>\nLast day : <a href=\"https:\/\/www.facebook.com\/media\/set\/?set=a.1853858731513493.1073741863.100006681525053&amp;type=3\" target=\"_blank\" rel=\"noopener\">https:\/\/www.facebook.com\/media\/set\/?set=a.1853858731513493.1073741863.100006681525053&amp;type=3 <\/a><\/p>\n<p>etc, etc &#8230;<\/p>\n","protected":false},"excerpt":{"rendered":"<p>&nbsp; Il nous aura fallu quelques jours pour remettre le bureau en l&rsquo;\u00e9tat et pour uploader tout ce contenu sur le Net. \u00c7a-y-est,\u00a0 et la moisson est tr\u00e8s bonne cette ann\u00e9e ! La seconde \u00e9dition du Kino Carolo s&rsquo;est donc cl\u00f4tur\u00e9e sur un bilan positif, malgr\u00e9 l&rsquo;absence de nos amis italiens, rest\u00e9s au pays\u00a0 en [&hellip;]<\/p>\n","protected":false},"author":2,"featured_media":110137,"comment_status":"closed","ping_status":"closed","sticky":false,"template":"","format":"standard","meta":{"ngg_post_thumbnail":0,"jetpack_publicize_message":"","jetpack_is_tweetstorm":false,"jetpack_publicize_feature_enabled":true,"jetpack_social_post_already_shared":true,"jetpack_social_options":{"image_generator_settings":{"template":"highway","enabled":false}}},"categories":[6,63],"tags":[188],"jetpack_publicize_connections":[],"views":1438,"jetpack_featured_media_url":"https:\/\/gsara.tv\/charleroi\/wp-content\/uploads\/2016\/09\/DSC_6182.jpg","jetpack_sharing_enabled":true,"_links":{"self":[{"href":"https:\/\/gsara.tv\/charleroi\/wp-json\/wp\/v2\/posts\/110135"}],"collection":[{"href":"https:\/\/gsara.tv\/charleroi\/wp-json\/wp\/v2\/posts"}],"about":[{"href":"https:\/\/gsara.tv\/charleroi\/wp-json\/wp\/v2\/types\/post"}],"author":[{"embeddable":true,"href":"https:\/\/gsara.tv\/charleroi\/wp-json\/wp\/v2\/users\/2"}],"replies":[{"embeddable":true,"href":"https:\/\/gsara.tv\/charleroi\/wp-json\/wp\/v2\/comments?post=110135"}],"version-history":[{"count":15,"href":"https:\/\/gsara.tv\/charleroi\/wp-json\/wp\/v2\/posts\/110135\/revisions"}],"predecessor-version":[{"id":110461,"href":"https:\/\/gsara.tv\/charleroi\/wp-json\/wp\/v2\/posts\/110135\/revisions\/110461"}],"wp:featuredmedia":[{"embeddable":true,"href":"https:\/\/gsara.tv\/charleroi\/wp-json\/wp\/v2\/media\/110137"}],"wp:attachment":[{"href":"https:\/\/gsara.tv\/charleroi\/wp-json\/wp\/v2\/media?parent=110135"}],"wp:term":[{"taxonomy":"category","embeddable":true,"href":"https:\/\/gsara.tv\/charleroi\/wp-json\/wp\/v2\/categories?post=110135"},{"taxonomy":"post_tag","embeddable":true,"href":"https:\/\/gsara.tv\/charleroi\/wp-json\/wp\/v2\/tags?post=110135"}],"curies":[{"name":"wp","href":"https:\/\/api.w.org\/{rel}","templated":true}]}}