{"id":110159,"date":"2016-11-25T11:39:43","date_gmt":"2016-11-25T10:39:43","guid":{"rendered":"http:\/\/gsara.tv\/charleroi\/?p=110159"},"modified":"2016-11-28T14:35:14","modified_gmt":"2016-11-28T13:35:14","slug":"radio-p-45-la-vingtieme-emission-deja","status":"publish","type":"post","link":"https:\/\/gsara.tv\/charleroi\/radio-p-45-la-vingtieme-emission-deja\/","title":{"rendered":"Radio P45 : la vingti\u00e8me \u00e9mission d\u00e9j\u00e0 !"},"content":{"rendered":"<p><a href=\"http:\/\/gsara.tv\/charleroi\/wp-content\/uploads\/2016\/11\/pic-rtbf2.jpg\" rel=\"lightbox[110159]\"><img data-attachment-id=\"110160\" data-permalink=\"https:\/\/gsara.tv\/charleroi\/radio-p-45-la-vingtieme-emission-deja\/pic-rtbf2\/\" data-orig-file=\"https:\/\/gsara.tv\/charleroi\/wp-content\/uploads\/2016\/11\/pic-rtbf2.jpg\" data-orig-size=\"1278,718\" data-comments-opened=\"0\" data-image-meta=\"{&quot;aperture&quot;:&quot;0&quot;,&quot;credit&quot;:&quot;&quot;,&quot;camera&quot;:&quot;&quot;,&quot;caption&quot;:&quot;&quot;,&quot;created_timestamp&quot;:&quot;0&quot;,&quot;copyright&quot;:&quot;&quot;,&quot;focal_length&quot;:&quot;0&quot;,&quot;iso&quot;:&quot;0&quot;,&quot;shutter_speed&quot;:&quot;0&quot;,&quot;title&quot;:&quot;&quot;,&quot;orientation&quot;:&quot;0&quot;}\" data-image-title=\"pic-rtbf2\" data-image-description=\"\" data-image-caption=\"\" data-medium-file=\"https:\/\/gsara.tv\/charleroi\/wp-content\/uploads\/2016\/11\/pic-rtbf2-300x169.jpg\" data-large-file=\"https:\/\/gsara.tv\/charleroi\/wp-content\/uploads\/2016\/11\/pic-rtbf2-1024x575.jpg\" decoding=\"async\" loading=\"lazy\" class=\"aligncenter wp-image-110160 size-large\" src=\"http:\/\/gsara.tv\/charleroi\/wp-content\/uploads\/2016\/11\/pic-rtbf2-1024x575.jpg\" alt=\"pic-rtbf2\" width=\"640\" height=\"359\" srcset=\"https:\/\/gsara.tv\/charleroi\/wp-content\/uploads\/2016\/11\/pic-rtbf2-1024x575.jpg 1024w, https:\/\/gsara.tv\/charleroi\/wp-content\/uploads\/2016\/11\/pic-rtbf2-300x169.jpg 300w, https:\/\/gsara.tv\/charleroi\/wp-content\/uploads\/2016\/11\/pic-rtbf2.jpg 1278w\" sizes=\"(max-width: 640px) 100vw, 640px\" \/><\/a><\/p>\n<p>Quelques nouvelles de notre atelier radio hebdomadaire au sein du passage45 qui entame sa seconde saison. Voici d\u00e9j\u00e0 la vingti\u00e8me \u00e9mission et pour l&rsquo;occasion nous allons prendre exemple : visite de la RTBF au boulevard Reyers !!<!--more--><\/p>\n<p><iframe loading=\"lazy\" src=\"https:\/\/www.mixcloud.com\/widget\/iframe\/?feed=%2FGsara_Charleroi%2Fradio-45-emission-19-%25C3%25A0-la-rtbf%2F&amp;hide_cover=1&amp;light=1\" width=\"100%\" height=\"120\" frameborder=\"0\"><\/iframe><\/p>\n<p>Cette ann\u00e9e l&rsquo;atelier a atteint une sorte de rythme de croisi\u00e8re. Pas mal de participants du groupe originel sont partis (bonne chance \u00e0 tous dans vos projets) et de nouvelles forces sont venues renforcer l&rsquo;\u00e9quipe. Pour l&rsquo;instant, la formule est rod\u00e9e : nous nous retrouvons \u00e0 9h et rencontrons l&rsquo;invit\u00e9 vers 11h. Une r\u00e9union de r\u00e9daction a donc lieu avant l&rsquo;\u00e9mission pour pr\u00e9parer le sujet, les questions que nous poserons \u00e0 l&rsquo;invit\u00e9, la distribution des r\u00f4les etc.\u00a0 Ensuite l&rsquo;invit\u00e9 vient \u00e0 nous ou nous allons \u00e0 l&rsquo;invit\u00e9 ce qui permet de sortir des murs quotidiens \u00e9galement. Nous enregistrons avec un enregistreur portable, dit \u00ab\u00a0le Tascam\u00a0\u00bb.<\/p>\n<p>Le montage est ensuite assur\u00e9 par Catherine (anim.) et\/ou par Olivier (partic.)<\/p>\n<p>C\u00f4t\u00e9 promo, nous tentons d&rsquo;avoir plus d&rsquo;auditeurs en publiant d\u00e9sormais sur FB de courtes bandes-annonces vid\u00e9os avec les clich\u00e9s de chacun et des images prises \u00ab\u00a0au vol\u00a0\u00bb lors des sorties.<br \/>\nC\u00f4t\u00e9 musique, on s&rsquo;en sort toujours tr\u00e8s bien avec la musique Creative-Commons qui abonde de plus en plus sur Internet.<\/p>\n<p>Retrouvez toutes les \u00e9missions sur <a href=\"http:\/\/www.radiop45.be\" target=\"_blank\">www.radiop45.be<\/a><\/p>\n<p><iframe loading=\"lazy\" src=\"https:\/\/www.youtube.com\/embed\/bSeAfujEajU\" width=\"560\" height=\"315\" frameborder=\"0\" allowfullscreen=\"allowfullscreen\"><\/iframe><\/p>\n","protected":false},"excerpt":{"rendered":"<p>Quelques nouvelles de notre atelier radio hebdomadaire au sein du passage45 qui entame sa seconde saison. Voici d\u00e9j\u00e0 la vingti\u00e8me \u00e9mission et pour l&rsquo;occasion nous allons prendre exemple : visite de la RTBF au boulevard Reyers !!<\/p>\n","protected":false},"author":2,"featured_media":110161,"comment_status":"closed","ping_status":"closed","sticky":false,"template":"","format":"standard","meta":{"ngg_post_thumbnail":0,"jetpack_publicize_message":"","jetpack_is_tweetstorm":false,"jetpack_publicize_feature_enabled":true,"jetpack_social_post_already_shared":true,"jetpack_social_options":{"image_generator_settings":{"template":"highway","enabled":false}}},"categories":[6,63],"tags":[187,207],"jetpack_publicize_connections":[],"views":556,"jetpack_featured_media_url":"https:\/\/gsara.tv\/charleroi\/wp-content\/uploads\/2016\/11\/pic-rtbf.jpg","jetpack_sharing_enabled":true,"_links":{"self":[{"href":"https:\/\/gsara.tv\/charleroi\/wp-json\/wp\/v2\/posts\/110159"}],"collection":[{"href":"https:\/\/gsara.tv\/charleroi\/wp-json\/wp\/v2\/posts"}],"about":[{"href":"https:\/\/gsara.tv\/charleroi\/wp-json\/wp\/v2\/types\/post"}],"author":[{"embeddable":true,"href":"https:\/\/gsara.tv\/charleroi\/wp-json\/wp\/v2\/users\/2"}],"replies":[{"embeddable":true,"href":"https:\/\/gsara.tv\/charleroi\/wp-json\/wp\/v2\/comments?post=110159"}],"version-history":[{"count":5,"href":"https:\/\/gsara.tv\/charleroi\/wp-json\/wp\/v2\/posts\/110159\/revisions"}],"predecessor-version":[{"id":110228,"href":"https:\/\/gsara.tv\/charleroi\/wp-json\/wp\/v2\/posts\/110159\/revisions\/110228"}],"wp:featuredmedia":[{"embeddable":true,"href":"https:\/\/gsara.tv\/charleroi\/wp-json\/wp\/v2\/media\/110161"}],"wp:attachment":[{"href":"https:\/\/gsara.tv\/charleroi\/wp-json\/wp\/v2\/media?parent=110159"}],"wp:term":[{"taxonomy":"category","embeddable":true,"href":"https:\/\/gsara.tv\/charleroi\/wp-json\/wp\/v2\/categories?post=110159"},{"taxonomy":"post_tag","embeddable":true,"href":"https:\/\/gsara.tv\/charleroi\/wp-json\/wp\/v2\/tags?post=110159"}],"curies":[{"name":"wp","href":"https:\/\/api.w.org\/{rel}","templated":true}]}}