{"id":110163,"date":"2016-11-28T14:34:02","date_gmt":"2016-11-28T13:34:02","guid":{"rendered":"http:\/\/gsara.tv\/charleroi\/?p=110163"},"modified":"2017-07-13T09:29:57","modified_gmt":"2017-07-13T08:29:57","slug":"mes-droits-dans-la-vue-reflexions-photo-sur-les-droits-humains","status":"publish","type":"post","link":"https:\/\/gsara.tv\/charleroi\/mes-droits-dans-la-vue-reflexions-photo-sur-les-droits-humains\/","title":{"rendered":"Mes droits dans la vue &#8211; r\u00e9flexions photo sur les droits humains"},"content":{"rendered":"<p>Voil\u00e0 que vient de s&rsquo;achever notre atelier commenc\u00e9 en septembre dernier \u00e0 l&rsquo;<a href=\"http:\/\/asblcarrefour.be\/\" target=\"_blank\">asbl Carrefour<\/a> de Couvin et Chimay. La venue de l&rsquo;exposition-photo \u00ab\u00a0<a href=\"https:\/\/www.amnesty.be\/je-veux-m-informer\/nos-expositions\/droits-dans-les-yeux\/article\/droits-dans-les-yeux-une-expo-photographique\" target=\"_blank\">Droits dans les yeux<\/a>\u00a0\u00bb \u00e0 Florennes fut notre point de d\u00e9part. La th\u00e9matique des \u00ab\u00a0droits humains\u00a0\u00bb pour sujet de nos exp\u00e9riences photographiques collectives avec les stagiaires de l&rsquo;asbl Carrefour \u00e0 Couvin et Chimay.<\/p>\n<p><img data-attachment-id=\"110225\" data-permalink=\"https:\/\/gsara.tv\/charleroi\/mes-droits-dans-la-vue-reflexions-photo-sur-les-droits-humains\/affichea3-5\/\" data-orig-file=\"https:\/\/gsara.tv\/charleroi\/wp-content\/uploads\/2016\/11\/AfficheA3-5.jpg\" data-orig-size=\"3508,4961\" data-comments-opened=\"0\" data-image-meta=\"{&quot;aperture&quot;:&quot;0&quot;,&quot;credit&quot;:&quot;&quot;,&quot;camera&quot;:&quot;&quot;,&quot;caption&quot;:&quot;&quot;,&quot;created_timestamp&quot;:&quot;0&quot;,&quot;copyright&quot;:&quot;&quot;,&quot;focal_length&quot;:&quot;0&quot;,&quot;iso&quot;:&quot;0&quot;,&quot;shutter_speed&quot;:&quot;0&quot;,&quot;title&quot;:&quot;&quot;,&quot;orientation&quot;:&quot;0&quot;}\" data-image-title=\"affichea3-5\" data-image-description=\"\" data-image-caption=\"\" data-medium-file=\"https:\/\/gsara.tv\/charleroi\/wp-content\/uploads\/2016\/11\/AfficheA3-5-212x300.jpg\" data-large-file=\"https:\/\/gsara.tv\/charleroi\/wp-content\/uploads\/2016\/11\/AfficheA3-5-724x1024.jpg\" decoding=\"async\" loading=\"lazy\" class=\" size-medium wp-image-110225 alignleft\" src=\"http:\/\/gsara.tv\/charleroi\/wp-content\/uploads\/2016\/11\/AfficheA3-5-212x300.jpg\" alt=\"affichea3-5\" width=\"212\" height=\"300\" srcset=\"https:\/\/gsara.tv\/charleroi\/wp-content\/uploads\/2016\/11\/AfficheA3-5-212x300.jpg 212w, https:\/\/gsara.tv\/charleroi\/wp-content\/uploads\/2016\/11\/AfficheA3-5-724x1024.jpg 724w\" sizes=\"(max-width: 212px) 100vw, 212px\" \/><a href=\"http:\/\/gsara.tv\/charleroi\/wp-content\/uploads\/2016\/11\/makoff.jpg\" rel=\"lightbox[110163]\"><img data-attachment-id=\"110226\" data-permalink=\"https:\/\/gsara.tv\/charleroi\/mes-droits-dans-la-vue-reflexions-photo-sur-les-droits-humains\/makoff\/\" data-orig-file=\"https:\/\/gsara.tv\/charleroi\/wp-content\/uploads\/2016\/11\/makoff.jpg\" data-orig-size=\"3096,4128\" data-comments-opened=\"0\" data-image-meta=\"{&quot;aperture&quot;:&quot;0&quot;,&quot;credit&quot;:&quot;&quot;,&quot;camera&quot;:&quot;&quot;,&quot;caption&quot;:&quot;&quot;,&quot;created_timestamp&quot;:&quot;0&quot;,&quot;copyright&quot;:&quot;&quot;,&quot;focal_length&quot;:&quot;0&quot;,&quot;iso&quot;:&quot;0&quot;,&quot;shutter_speed&quot;:&quot;0&quot;,&quot;title&quot;:&quot;&quot;,&quot;orientation&quot;:&quot;0&quot;}\" data-image-title=\"makoff\" data-image-description=\"\" data-image-caption=\"\" data-medium-file=\"https:\/\/gsara.tv\/charleroi\/wp-content\/uploads\/2016\/11\/makoff-225x300.jpg\" data-large-file=\"https:\/\/gsara.tv\/charleroi\/wp-content\/uploads\/2016\/11\/makoff-768x1024.jpg\" decoding=\"async\" loading=\"lazy\" class=\" size-medium wp-image-110226 alignright\" src=\"http:\/\/gsara.tv\/charleroi\/wp-content\/uploads\/2016\/11\/makoff-225x300.jpg\" alt=\"makoff\" width=\"225\" height=\"300\" srcset=\"https:\/\/gsara.tv\/charleroi\/wp-content\/uploads\/2016\/11\/makoff-225x300.jpg 225w, https:\/\/gsara.tv\/charleroi\/wp-content\/uploads\/2016\/11\/makoff-768x1024.jpg 768w\" sizes=\"(max-width: 225px) 100vw, 225px\" \/><\/a><\/p>\n<p><a href=\"http:\/\/gsara.tv\/charleroi\/wp-content\/uploads\/2016\/11\/mention-jaune-titre.png\" rel=\"lightbox[110163]\"><img data-attachment-id=\"110166\" data-permalink=\"https:\/\/gsara.tv\/charleroi\/mes-droits-dans-la-vue-reflexions-photo-sur-les-droits-humains\/mention-jaune-titre\/\" data-orig-file=\"https:\/\/gsara.tv\/charleroi\/wp-content\/uploads\/2016\/11\/mention-jaune-titre.png\" data-orig-size=\"4961,887\" data-comments-opened=\"0\" data-image-meta=\"{&quot;aperture&quot;:&quot;0&quot;,&quot;credit&quot;:&quot;&quot;,&quot;camera&quot;:&quot;&quot;,&quot;caption&quot;:&quot;&quot;,&quot;created_timestamp&quot;:&quot;0&quot;,&quot;copyright&quot;:&quot;&quot;,&quot;focal_length&quot;:&quot;0&quot;,&quot;iso&quot;:&quot;0&quot;,&quot;shutter_speed&quot;:&quot;0&quot;,&quot;title&quot;:&quot;&quot;,&quot;orientation&quot;:&quot;0&quot;}\" data-image-title=\"mention-jaune-titre\" data-image-description=\"\" data-image-caption=\"\" data-medium-file=\"https:\/\/gsara.tv\/charleroi\/wp-content\/uploads\/2016\/11\/mention-jaune-titre-300x54.png\" data-large-file=\"https:\/\/gsara.tv\/charleroi\/wp-content\/uploads\/2016\/11\/mention-jaune-titre-1024x183.png\" decoding=\"async\" loading=\"lazy\" class=\"aligncenter wp-image-110166 size-large\" src=\"http:\/\/gsara.tv\/charleroi\/wp-content\/uploads\/2016\/11\/mention-jaune-titre-1024x183.png\" alt=\"mention-jaune-titre\" width=\"640\" height=\"114\" srcset=\"https:\/\/gsara.tv\/charleroi\/wp-content\/uploads\/2016\/11\/mention-jaune-titre-1024x183.png 1024w, https:\/\/gsara.tv\/charleroi\/wp-content\/uploads\/2016\/11\/mention-jaune-titre-300x54.png 300w\" sizes=\"(max-width: 640px) 100vw, 640px\" \/><\/a><!--more-->Puisque c&rsquo;\u00e9tait un groupe assez important, parce que les profils \u00e9taient tr\u00e8s vari\u00e9s, le niveau en fran\u00e7ais \u00e9galement, parce qu\u2019il fallait sortir de ce local trop petit, parce que nous voulions r\u00e9fl\u00e9chir \u00e0 notre position par rapport aux droits de l&rsquo;homme dans notre quotidien, parce que nous voulions que tout le monde participe et voit son travail dans l&rsquo;exposition et pour plein d&rsquo;autres raisons discut\u00e9es en groupe :<\/p>\n<p><strong>Nous ferons des selfies avec nos portables. L&rsquo;ensemble composera une mosa\u00efque qui reprendra une des photos-phare de chez Amnesty. Pour le reste chacun est libre ! La parole est \u00e0 nous.<\/strong><\/p>\n<p><a href=\"http:\/\/gsara.tv\/charleroi\/wp-content\/uploads\/2016\/11\/bache89.jpg\" rel=\"lightbox[110163]\"><img data-attachment-id=\"110180\" data-permalink=\"https:\/\/gsara.tv\/charleroi\/mes-droits-dans-la-vue-reflexions-photo-sur-les-droits-humains\/bache89\/\" data-orig-file=\"https:\/\/gsara.tv\/charleroi\/wp-content\/uploads\/2016\/11\/bache89.jpg\" data-orig-size=\"6900,3300\" data-comments-opened=\"0\" data-image-meta=\"{&quot;aperture&quot;:&quot;0&quot;,&quot;credit&quot;:&quot;&quot;,&quot;camera&quot;:&quot;&quot;,&quot;caption&quot;:&quot;&quot;,&quot;created_timestamp&quot;:&quot;0&quot;,&quot;copyright&quot;:&quot;&quot;,&quot;focal_length&quot;:&quot;0&quot;,&quot;iso&quot;:&quot;0&quot;,&quot;shutter_speed&quot;:&quot;0&quot;,&quot;title&quot;:&quot;&quot;,&quot;orientation&quot;:&quot;0&quot;}\" data-image-title=\"bache89\" data-image-description=\"\" data-image-caption=\"\" data-medium-file=\"https:\/\/gsara.tv\/charleroi\/wp-content\/uploads\/2016\/11\/bache89-300x143.jpg\" data-large-file=\"https:\/\/gsara.tv\/charleroi\/wp-content\/uploads\/2016\/11\/bache89-1024x490.jpg\" decoding=\"async\" loading=\"lazy\" class=\"aligncenter wp-image-110180 size-large\" src=\"http:\/\/gsara.tv\/charleroi\/wp-content\/uploads\/2016\/11\/bache89-1024x490.jpg\" alt=\"bache89\" width=\"640\" height=\"306\" srcset=\"https:\/\/gsara.tv\/charleroi\/wp-content\/uploads\/2016\/11\/bache89-1024x490.jpg 1024w, https:\/\/gsara.tv\/charleroi\/wp-content\/uploads\/2016\/11\/bache89-300x143.jpg 300w\" sizes=\"(max-width: 640px) 100vw, 640px\" \/><\/a><\/p>\n<p>Comment est-ce qu&rsquo;on r\u00e9agit quand on est \u00e0 Couvin ou Chimay et qu&rsquo;on relit la d\u00e9claration universelle des droits de l&rsquo;homme ? <em>Est-ce v\u00e9cu ? Est-ce bien normal \u00e7a ? &#8230; Pour toi bien-s\u00fbr, pour moi c&rsquo;est moins \u00e9vident&#8230;.. Mais \u00e7a oui, \u00e7a non&#8230;&#8230;. Moi, \u00e7a m&rsquo;est arriv\u00e9&#8230;.moi j&rsquo;suis pas d&rsquo;accord &#8230;\u00a0 Mais comment veux-tu qu&rsquo;on fasse une photo pour illustrer \u00e7a ??<\/em><\/p>\n<p>Au rythme d&rsquo;une demi-journ\u00e9e chaque jeudi, nous avons r\u00e9alis\u00e9 des centaines de clich\u00e9s. Certains \u00e0 l&rsquo;int\u00e9rieur avec le GREENKEY et d&rsquo;autres dans les rues de notre ville.<\/p>\n<p class=\"jetpack-slideshow-noscript robots-nocontent\">Ce diaporama n\u00e9cessite JavaScript.<\/p><div id=\"gallery-110163-1-slideshow\" class=\"jetpack-slideshow-window jetpack-slideshow jetpack-slideshow-black\" data-trans=\"fade\" data-autostart=\"1\" data-gallery=\"[{&quot;src&quot;:&quot;https:\\\/\\\/gsara.tv\\\/charleroi\\\/wp-content\\\/uploads\\\/2016\\\/11\\\/DSC_6478-1024x576.jpg&quot;,&quot;id&quot;:&quot;110167&quot;,&quot;title&quot;:&quot;dsc_6478&quot;,&quot;alt&quot;:&quot;&quot;,&quot;caption&quot;:&quot;&quot;,&quot;itemprop&quot;:&quot;image&quot;},{&quot;src&quot;:&quot;https:\\\/\\\/gsara.tv\\\/charleroi\\\/wp-content\\\/uploads\\\/2016\\\/11\\\/DSC_6471-1024x576.jpg&quot;,&quot;id&quot;:&quot;110168&quot;,&quot;title&quot;:&quot;dsc_6471&quot;,&quot;alt&quot;:&quot;&quot;,&quot;caption&quot;:&quot;&quot;,&quot;itemprop&quot;:&quot;image&quot;},{&quot;src&quot;:&quot;https:\\\/\\\/gsara.tv\\\/charleroi\\\/wp-content\\\/uploads\\\/2016\\\/11\\\/DSC_6623-1024x576.jpg&quot;,&quot;id&quot;:&quot;110169&quot;,&quot;title&quot;:&quot;dsc_6623&quot;,&quot;alt&quot;:&quot;&quot;,&quot;caption&quot;:&quot;&quot;,&quot;itemprop&quot;:&quot;image&quot;},{&quot;src&quot;:&quot;https:\\\/\\\/gsara.tv\\\/charleroi\\\/wp-content\\\/uploads\\\/2016\\\/11\\\/DSC_6547-1024x576.jpg&quot;,&quot;id&quot;:&quot;110174&quot;,&quot;title&quot;:&quot;dsc_6547&quot;,&quot;alt&quot;:&quot;&quot;,&quot;caption&quot;:&quot;&quot;,&quot;itemprop&quot;:&quot;image&quot;},{&quot;src&quot;:&quot;https:\\\/\\\/gsara.tv\\\/charleroi\\\/wp-content\\\/uploads\\\/2016\\\/11\\\/DSC_6528-1024x576.jpg&quot;,&quot;id&quot;:&quot;110175&quot;,&quot;title&quot;:&quot;dsc_6528&quot;,&quot;alt&quot;:&quot;&quot;,&quot;caption&quot;:&quot;&quot;,&quot;itemprop&quot;:&quot;image&quot;},{&quot;src&quot;:&quot;https:\\\/\\\/gsara.tv\\\/charleroi\\\/wp-content\\\/uploads\\\/2016\\\/11\\\/DSC_6520-1024x576.jpg&quot;,&quot;id&quot;:&quot;110176&quot;,&quot;title&quot;:&quot;dsc_6520&quot;,&quot;alt&quot;:&quot;&quot;,&quot;caption&quot;:&quot;&quot;,&quot;itemprop&quot;:&quot;image&quot;},{&quot;src&quot;:&quot;https:\\\/\\\/gsara.tv\\\/charleroi\\\/wp-content\\\/uploads\\\/2016\\\/11\\\/DSC_6516-1024x576.jpg&quot;,&quot;id&quot;:&quot;110177&quot;,&quot;title&quot;:&quot;dsc_6516&quot;,&quot;alt&quot;:&quot;&quot;,&quot;caption&quot;:&quot;&quot;,&quot;itemprop&quot;:&quot;image&quot;},{&quot;src&quot;:&quot;https:\\\/\\\/gsara.tv\\\/charleroi\\\/wp-content\\\/uploads\\\/2016\\\/11\\\/DSC_6502-1024x576.jpg&quot;,&quot;id&quot;:&quot;110178&quot;,&quot;title&quot;:&quot;dsc_6502&quot;,&quot;alt&quot;:&quot;&quot;,&quot;caption&quot;:&quot;&quot;,&quot;itemprop&quot;:&quot;image&quot;},{&quot;src&quot;:&quot;https:\\\/\\\/gsara.tv\\\/charleroi\\\/wp-content\\\/uploads\\\/2016\\\/11\\\/DSC_6309-1024x576.jpg&quot;,&quot;id&quot;:&quot;110204&quot;,&quot;title&quot;:&quot;dsc_6309&quot;,&quot;alt&quot;:&quot;&quot;,&quot;caption&quot;:&quot;&quot;,&quot;itemprop&quot;:&quot;image&quot;},{&quot;src&quot;:&quot;https:\\\/\\\/gsara.tv\\\/charleroi\\\/wp-content\\\/uploads\\\/2016\\\/11\\\/DSC_6351-1024x576.jpg&quot;,&quot;id&quot;:&quot;110205&quot;,&quot;title&quot;:&quot;dsc_6351&quot;,&quot;alt&quot;:&quot;&quot;,&quot;caption&quot;:&quot;&quot;,&quot;itemprop&quot;:&quot;image&quot;},{&quot;src&quot;:&quot;https:\\\/\\\/gsara.tv\\\/charleroi\\\/wp-content\\\/uploads\\\/2016\\\/11\\\/DSC_6422-1024x576.jpg&quot;,&quot;id&quot;:&quot;110206&quot;,&quot;title&quot;:&quot;dsc_6422&quot;,&quot;alt&quot;:&quot;&quot;,&quot;caption&quot;:&quot;&quot;,&quot;itemprop&quot;:&quot;image&quot;},{&quot;src&quot;:&quot;https:\\\/\\\/gsara.tv\\\/charleroi\\\/wp-content\\\/uploads\\\/2016\\\/11\\\/DSC_6433-e1480338705719-576x1024.jpg&quot;,&quot;id&quot;:&quot;110207&quot;,&quot;title&quot;:&quot;dsc_6433&quot;,&quot;alt&quot;:&quot;&quot;,&quot;caption&quot;:&quot;&quot;,&quot;itemprop&quot;:&quot;image&quot;},{&quot;src&quot;:&quot;https:\\\/\\\/gsara.tv\\\/charleroi\\\/wp-content\\\/uploads\\\/2016\\\/11\\\/DSC_6434-1024x576.jpg&quot;,&quot;id&quot;:&quot;110208&quot;,&quot;title&quot;:&quot;dsc_6434&quot;,&quot;alt&quot;:&quot;&quot;,&quot;caption&quot;:&quot;&quot;,&quot;itemprop&quot;:&quot;image&quot;},{&quot;src&quot;:&quot;https:\\\/\\\/gsara.tv\\\/charleroi\\\/wp-content\\\/uploads\\\/2016\\\/11\\\/DSC_6436-1024x576.jpg&quot;,&quot;id&quot;:&quot;110209&quot;,&quot;title&quot;:&quot;dsc_6436&quot;,&quot;alt&quot;:&quot;&quot;,&quot;caption&quot;:&quot;&quot;,&quot;itemprop&quot;:&quot;image&quot;},{&quot;src&quot;:&quot;https:\\\/\\\/gsara.tv\\\/charleroi\\\/wp-content\\\/uploads\\\/2016\\\/11\\\/DSC_6550-1024x576.jpg&quot;,&quot;id&quot;:&quot;110210&quot;,&quot;title&quot;:&quot;dsc_6550&quot;,&quot;alt&quot;:&quot;&quot;,&quot;caption&quot;:&quot;&quot;,&quot;itemprop&quot;:&quot;image&quot;},{&quot;src&quot;:&quot;https:\\\/\\\/gsara.tv\\\/charleroi\\\/wp-content\\\/uploads\\\/2016\\\/11\\\/DSC_6557-1024x576.jpg&quot;,&quot;id&quot;:&quot;110211&quot;,&quot;title&quot;:&quot;dsc_6557&quot;,&quot;alt&quot;:&quot;&quot;,&quot;caption&quot;:&quot;&quot;,&quot;itemprop&quot;:&quot;image&quot;},{&quot;src&quot;:&quot;https:\\\/\\\/gsara.tv\\\/charleroi\\\/wp-content\\\/uploads\\\/2016\\\/11\\\/DSC_6569-1024x576.jpg&quot;,&quot;id&quot;:&quot;110212&quot;,&quot;title&quot;:&quot;dsc_6569&quot;,&quot;alt&quot;:&quot;&quot;,&quot;caption&quot;:&quot;&quot;,&quot;itemprop&quot;:&quot;image&quot;},{&quot;src&quot;:&quot;https:\\\/\\\/gsara.tv\\\/charleroi\\\/wp-content\\\/uploads\\\/2016\\\/11\\\/DSC_6631-1024x576.jpg&quot;,&quot;id&quot;:&quot;110216&quot;,&quot;title&quot;:&quot;dsc_6631&quot;,&quot;alt&quot;:&quot;&quot;,&quot;caption&quot;:&quot;&quot;,&quot;itemprop&quot;:&quot;image&quot;},{&quot;src&quot;:&quot;https:\\\/\\\/gsara.tv\\\/charleroi\\\/wp-content\\\/uploads\\\/2016\\\/11\\\/20161006_093157-e1480339563608-768x1024.jpg&quot;,&quot;id&quot;:&quot;110217&quot;,&quot;title&quot;:&quot;20161006_093157&quot;,&quot;alt&quot;:&quot;&quot;,&quot;caption&quot;:&quot;&quot;,&quot;itemprop&quot;:&quot;image&quot;},{&quot;src&quot;:&quot;https:\\\/\\\/gsara.tv\\\/charleroi\\\/wp-content\\\/uploads\\\/2016\\\/11\\\/20161006_093803-e1480339585744-768x1024.jpg&quot;,&quot;id&quot;:&quot;110218&quot;,&quot;title&quot;:&quot;20161006_093803&quot;,&quot;alt&quot;:&quot;&quot;,&quot;caption&quot;:&quot;&quot;,&quot;itemprop&quot;:&quot;image&quot;},{&quot;src&quot;:&quot;https:\\\/\\\/gsara.tv\\\/charleroi\\\/wp-content\\\/uploads\\\/2016\\\/11\\\/20161006_094432-e1480339542988-768x1024.jpg&quot;,&quot;id&quot;:&quot;110219&quot;,&quot;title&quot;:&quot;20161006_094432&quot;,&quot;alt&quot;:&quot;&quot;,&quot;caption&quot;:&quot;&quot;,&quot;itemprop&quot;:&quot;image&quot;},{&quot;src&quot;:&quot;https:\\\/\\\/gsara.tv\\\/charleroi\\\/wp-content\\\/uploads\\\/2016\\\/11\\\/20161006_095756-1024x768.jpg&quot;,&quot;id&quot;:&quot;110220&quot;,&quot;title&quot;:&quot;20161006_095756&quot;,&quot;alt&quot;:&quot;&quot;,&quot;caption&quot;:&quot;&quot;,&quot;itemprop&quot;:&quot;image&quot;},{&quot;src&quot;:&quot;https:\\\/\\\/gsara.tv\\\/charleroi\\\/wp-content\\\/uploads\\\/2016\\\/11\\\/20161006_100337-1024x768.jpg&quot;,&quot;id&quot;:&quot;110221&quot;,&quot;title&quot;:&quot;20161006_100337&quot;,&quot;alt&quot;:&quot;&quot;,&quot;caption&quot;:&quot;&quot;,&quot;itemprop&quot;:&quot;image&quot;},{&quot;src&quot;:&quot;https:\\\/\\\/gsara.tv\\\/charleroi\\\/wp-content\\\/uploads\\\/2016\\\/11\\\/DSC_6285-e1480338686959-576x1024.jpg&quot;,&quot;id&quot;:&quot;110222&quot;,&quot;title&quot;:&quot;dsc_6285&quot;,&quot;alt&quot;:&quot;&quot;,&quot;caption&quot;:&quot;&quot;,&quot;itemprop&quot;:&quot;image&quot;},{&quot;src&quot;:&quot;https:\\\/\\\/gsara.tv\\\/charleroi\\\/wp-content\\\/uploads\\\/2016\\\/11\\\/DSC_6293-1024x576.jpg&quot;,&quot;id&quot;:&quot;110223&quot;,&quot;title&quot;:&quot;dsc_6293&quot;,&quot;alt&quot;:&quot;&quot;,&quot;caption&quot;:&quot;&quot;,&quot;itemprop&quot;:&quot;image&quot;},{&quot;src&quot;:&quot;https:\\\/\\\/gsara.tv\\\/charleroi\\\/wp-content\\\/uploads\\\/2016\\\/11\\\/DSC_6306-e1480339474156-576x1024.jpg&quot;,&quot;id&quot;:&quot;110224&quot;,&quot;title&quot;:&quot;dsc_6306&quot;,&quot;alt&quot;:&quot;&quot;,&quot;caption&quot;:&quot;&quot;,&quot;itemprop&quot;:&quot;image&quot;},{&quot;src&quot;:&quot;https:\\\/\\\/gsara.tv\\\/charleroi\\\/wp-content\\\/uploads\\\/2016\\\/11\\\/DSC_65781-e1480339454447-576x1024.jpg&quot;,&quot;id&quot;:&quot;110213&quot;,&quot;title&quot;:&quot;dsc_6578&quot;,&quot;alt&quot;:&quot;&quot;,&quot;caption&quot;:&quot;&quot;,&quot;itemprop&quot;:&quot;image&quot;},{&quot;src&quot;:&quot;https:\\\/\\\/gsara.tv\\\/charleroi\\\/wp-content\\\/uploads\\\/2016\\\/11\\\/DSC_66131-e1480339521336-1024x576.jpg&quot;,&quot;id&quot;:&quot;110214&quot;,&quot;title&quot;:&quot;dsc_6613&quot;,&quot;alt&quot;:&quot;&quot;,&quot;caption&quot;:&quot;&quot;,&quot;itemprop&quot;:&quot;image&quot;},{&quot;src&quot;:&quot;https:\\\/\\\/gsara.tv\\\/charleroi\\\/wp-content\\\/uploads\\\/2016\\\/11\\\/DSC_6614-e1480338662826-1024x576.jpg&quot;,&quot;id&quot;:&quot;110215&quot;,&quot;title&quot;:&quot;dsc_6614&quot;,&quot;alt&quot;:&quot;&quot;,&quot;caption&quot;:&quot;&quot;,&quot;itemprop&quot;:&quot;image&quot;}]\" itemscope itemtype=\"https:\/\/schema.org\/ImageGallery\"><\/div>\n<p>&nbsp;<\/p>\n<p>Ensuite nous les avons s\u00e9lectionn\u00e9, le Gsara a fait les trucages sur photoshop en suivant au mieux les instructions donn\u00e9es. On a re-s\u00e9lectionn\u00e9, visionn\u00e9, discut\u00e9 d&rsquo;un titre etc&#8230;.<\/p>\n<p>Le r\u00e9sultat est assez bluffant et est visible dans les rues de Florennes et chez les commer\u00e7ants ainsi qu&rsquo;au sein de l&rsquo;expo \u00ab\u00a0Droits dans les yeux\u00a0\u00bb \u00e0 l\u2019ath\u00e9n\u00e9e, du 21 nov. au 02 dec. 2016.<\/p>\n<p>&nbsp;<\/p>\n<p class=\"jetpack-slideshow-noscript robots-nocontent\">Ce diaporama n\u00e9cessite JavaScript.<\/p><div id=\"gallery-110163-2-slideshow\" class=\"jetpack-slideshow-window jetpack-slideshow jetpack-slideshow-black\" data-trans=\"fade\" data-autostart=\"1\" data-gallery=\"[{&quot;src&quot;:&quot;https:\\\/\\\/gsara.tv\\\/charleroi\\\/wp-content\\\/uploads\\\/2016\\\/11\\\/copie-9-1024x576.jpg&quot;,&quot;id&quot;:&quot;110187&quot;,&quot;title&quot;:&quot;copie-9&quot;,&quot;alt&quot;:&quot;&quot;,&quot;caption&quot;:&quot;&quot;,&quot;itemprop&quot;:&quot;image&quot;},{&quot;src&quot;:&quot;https:\\\/\\\/gsara.tv\\\/charleroi\\\/wp-content\\\/uploads\\\/2016\\\/11\\\/copie-8-576x1024.jpg&quot;,&quot;id&quot;:&quot;110188&quot;,&quot;title&quot;:&quot;copie-8&quot;,&quot;alt&quot;:&quot;&quot;,&quot;caption&quot;:&quot;&quot;,&quot;itemprop&quot;:&quot;image&quot;},{&quot;src&quot;:&quot;https:\\\/\\\/gsara.tv\\\/charleroi\\\/wp-content\\\/uploads\\\/2016\\\/11\\\/copie-7-1024x576.jpg&quot;,&quot;id&quot;:&quot;110189&quot;,&quot;title&quot;:&quot;copie-7&quot;,&quot;alt&quot;:&quot;&quot;,&quot;caption&quot;:&quot;&quot;,&quot;itemprop&quot;:&quot;image&quot;},{&quot;src&quot;:&quot;https:\\\/\\\/gsara.tv\\\/charleroi\\\/wp-content\\\/uploads\\\/2016\\\/11\\\/copie-6-1024x576.jpg&quot;,&quot;id&quot;:&quot;110190&quot;,&quot;title&quot;:&quot;copie-6&quot;,&quot;alt&quot;:&quot;&quot;,&quot;caption&quot;:&quot;&quot;,&quot;itemprop&quot;:&quot;image&quot;},{&quot;src&quot;:&quot;https:\\\/\\\/gsara.tv\\\/charleroi\\\/wp-content\\\/uploads\\\/2016\\\/11\\\/copie-5-1024x576.jpg&quot;,&quot;id&quot;:&quot;110191&quot;,&quot;title&quot;:&quot;copie-5&quot;,&quot;alt&quot;:&quot;&quot;,&quot;caption&quot;:&quot;&quot;,&quot;itemprop&quot;:&quot;image&quot;},{&quot;src&quot;:&quot;https:\\\/\\\/gsara.tv\\\/charleroi\\\/wp-content\\\/uploads\\\/2016\\\/11\\\/copie-4-576x1024.jpg&quot;,&quot;id&quot;:&quot;110192&quot;,&quot;title&quot;:&quot;copie-4&quot;,&quot;alt&quot;:&quot;&quot;,&quot;caption&quot;:&quot;&quot;,&quot;itemprop&quot;:&quot;image&quot;},{&quot;src&quot;:&quot;https:\\\/\\\/gsara.tv\\\/charleroi\\\/wp-content\\\/uploads\\\/2016\\\/11\\\/copie-3-1024x576.jpg&quot;,&quot;id&quot;:&quot;110193&quot;,&quot;title&quot;:&quot;copie-3&quot;,&quot;alt&quot;:&quot;&quot;,&quot;caption&quot;:&quot;&quot;,&quot;itemprop&quot;:&quot;image&quot;},{&quot;src&quot;:&quot;https:\\\/\\\/gsara.tv\\\/charleroi\\\/wp-content\\\/uploads\\\/2016\\\/11\\\/copie-2-1024x576.jpg&quot;,&quot;id&quot;:&quot;110194&quot;,&quot;title&quot;:&quot;copie-2&quot;,&quot;alt&quot;:&quot;&quot;,&quot;caption&quot;:&quot;&quot;,&quot;itemprop&quot;:&quot;image&quot;},{&quot;src&quot;:&quot;https:\\\/\\\/gsara.tv\\\/charleroi\\\/wp-content\\\/uploads\\\/2016\\\/11\\\/copie-1-1024x576.jpg&quot;,&quot;id&quot;:&quot;110195&quot;,&quot;title&quot;:&quot;copie-1&quot;,&quot;alt&quot;:&quot;&quot;,&quot;caption&quot;:&quot;&quot;,&quot;itemprop&quot;:&quot;image&quot;},{&quot;src&quot;:&quot;https:\\\/\\\/gsara.tv\\\/charleroi\\\/wp-content\\\/uploads\\\/2016\\\/11\\\/copie-13-1024x576.jpg&quot;,&quot;id&quot;:&quot;110196&quot;,&quot;title&quot;:&quot;copie-13&quot;,&quot;alt&quot;:&quot;&quot;,&quot;caption&quot;:&quot;&quot;,&quot;itemprop&quot;:&quot;image&quot;},{&quot;src&quot;:&quot;https:\\\/\\\/gsara.tv\\\/charleroi\\\/wp-content\\\/uploads\\\/2016\\\/11\\\/copie-12-1024x576.jpg&quot;,&quot;id&quot;:&quot;110197&quot;,&quot;title&quot;:&quot;copie-12&quot;,&quot;alt&quot;:&quot;&quot;,&quot;caption&quot;:&quot;&quot;,&quot;itemprop&quot;:&quot;image&quot;},{&quot;src&quot;:&quot;https:\\\/\\\/gsara.tv\\\/charleroi\\\/wp-content\\\/uploads\\\/2016\\\/11\\\/copie-11-1024x576.jpg&quot;,&quot;id&quot;:&quot;110198&quot;,&quot;title&quot;:&quot;copie-11&quot;,&quot;alt&quot;:&quot;&quot;,&quot;caption&quot;:&quot;&quot;,&quot;itemprop&quot;:&quot;image&quot;},{&quot;src&quot;:&quot;https:\\\/\\\/gsara.tv\\\/charleroi\\\/wp-content\\\/uploads\\\/2016\\\/11\\\/copie-10-1024x576.jpg&quot;,&quot;id&quot;:&quot;110199&quot;,&quot;title&quot;:&quot;copie-10&quot;,&quot;alt&quot;:&quot;&quot;,&quot;caption&quot;:&quot;&quot;,&quot;itemprop&quot;:&quot;image&quot;}]\" itemscope itemtype=\"https:\/\/schema.org\/ImageGallery\"><\/div>\n<p>&nbsp;<\/p>\n<p>&nbsp;<\/p>\n<p>Le Gsara h\u00e9berge \u00e9galement la totalit\u00e9 des clich\u00e9s s\u00e9lectionn\u00e9s <a href=\"https:\/\/www.gsara.tv\/charleroi\/sites_d_ateliers\/carrefour-selfies\/\" target=\"_blank\">ici<\/a>.<\/p>\n","protected":false},"excerpt":{"rendered":"<p>Voil\u00e0 que vient de s&rsquo;achever notre atelier commenc\u00e9 en septembre dernier \u00e0 l&rsquo;asbl Carrefour de Couvin et Chimay. La venue de l&rsquo;exposition-photo \u00ab\u00a0Droits dans les yeux\u00a0\u00bb \u00e0 Florennes fut notre point de d\u00e9part. La th\u00e9matique des \u00ab\u00a0droits humains\u00a0\u00bb pour sujet de nos exp\u00e9riences photographiques collectives avec les stagiaires de l&rsquo;asbl Carrefour \u00e0 Couvin et Chimay.<\/p>\n","protected":false},"author":2,"featured_media":110180,"comment_status":"closed","ping_status":"closed","sticky":false,"template":"","format":"standard","meta":{"ngg_post_thumbnail":0,"jetpack_publicize_message":"","jetpack_is_tweetstorm":false,"jetpack_publicize_feature_enabled":true,"jetpack_social_post_already_shared":true,"jetpack_social_options":{"image_generator_settings":{"template":"highway","enabled":false}}},"categories":[6,63],"tags":[230,229,228,227,226,40,149,148],"jetpack_publicize_connections":[],"views":949,"jetpack_featured_media_url":"https:\/\/gsara.tv\/charleroi\/wp-content\/uploads\/2016\/11\/bache89.jpg","jetpack_sharing_enabled":true,"_links":{"self":[{"href":"https:\/\/gsara.tv\/charleroi\/wp-json\/wp\/v2\/posts\/110163"}],"collection":[{"href":"https:\/\/gsara.tv\/charleroi\/wp-json\/wp\/v2\/posts"}],"about":[{"href":"https:\/\/gsara.tv\/charleroi\/wp-json\/wp\/v2\/types\/post"}],"author":[{"embeddable":true,"href":"https:\/\/gsara.tv\/charleroi\/wp-json\/wp\/v2\/users\/2"}],"replies":[{"embeddable":true,"href":"https:\/\/gsara.tv\/charleroi\/wp-json\/wp\/v2\/comments?post=110163"}],"version-history":[{"count":15,"href":"https:\/\/gsara.tv\/charleroi\/wp-json\/wp\/v2\/posts\/110163\/revisions"}],"predecessor-version":[{"id":110462,"href":"https:\/\/gsara.tv\/charleroi\/wp-json\/wp\/v2\/posts\/110163\/revisions\/110462"}],"wp:featuredmedia":[{"embeddable":true,"href":"https:\/\/gsara.tv\/charleroi\/wp-json\/wp\/v2\/media\/110180"}],"wp:attachment":[{"href":"https:\/\/gsara.tv\/charleroi\/wp-json\/wp\/v2\/media?parent=110163"}],"wp:term":[{"taxonomy":"category","embeddable":true,"href":"https:\/\/gsara.tv\/charleroi\/wp-json\/wp\/v2\/categories?post=110163"},{"taxonomy":"post_tag","embeddable":true,"href":"https:\/\/gsara.tv\/charleroi\/wp-json\/wp\/v2\/tags?post=110163"}],"curies":[{"name":"wp","href":"https:\/\/api.w.org\/{rel}","templated":true}]}}