{"id":138,"date":"2013-12-05T15:31:22","date_gmt":"2013-12-05T14:31:22","guid":{"rendered":"http:\/\/gsara.tv\/charleroi\/?p=138"},"modified":"2018-07-10T10:54:39","modified_gmt":"2018-07-10T09:54:39","slug":"histoires-de-famille-conservation-et-partage-de-souvenirs","status":"publish","type":"post","link":"https:\/\/gsara.tv\/charleroi\/histoires-de-famille-conservation-et-partage-de-souvenirs\/","title":{"rendered":"Histoires de famille : conservation et partage de souvenirs"},"content":{"rendered":"<p style=\"text-align: left;\"><a href=\"http:\/\/gsara.tv\/charleroi\/wp-content\/uploads\/2013\/12\/cogdogblog-8400722095_dc84d6466e_o.jpg\" rel=\"lightbox[138]\"><img data-attachment-id=\"154\" data-permalink=\"https:\/\/gsara.tv\/charleroi\/anecdotes-dautrefois-en-pays-de-charleroi\/cogdogblog-8400722095_dc84d6466e_o\/\" data-orig-file=\"https:\/\/gsara.tv\/charleroi\/wp-content\/uploads\/2013\/12\/cogdogblog-8400722095_dc84d6466e_o.jpg\" data-orig-size=\"600,400\" data-comments-opened=\"1\" data-image-meta=\"{&quot;aperture&quot;:&quot;0&quot;,&quot;credit&quot;:&quot;&quot;,&quot;camera&quot;:&quot;&quot;,&quot;caption&quot;:&quot;&quot;,&quot;created_timestamp&quot;:&quot;0&quot;,&quot;copyright&quot;:&quot;&quot;,&quot;focal_length&quot;:&quot;0&quot;,&quot;iso&quot;:&quot;0&quot;,&quot;shutter_speed&quot;:&quot;0&quot;,&quot;title&quot;:&quot;&quot;}\" data-image-title=\"cogdogblog-8400722095_dc84d6466e_o\" data-image-description=\"\" data-image-caption=\"\" data-medium-file=\"https:\/\/gsara.tv\/charleroi\/wp-content\/uploads\/2013\/12\/cogdogblog-8400722095_dc84d6466e_o-300x200.jpg\" data-large-file=\"https:\/\/gsara.tv\/charleroi\/wp-content\/uploads\/2013\/12\/cogdogblog-8400722095_dc84d6466e_o.jpg\" decoding=\"async\" loading=\"lazy\" class=\"aligncenter size-full wp-image-154\" title=\"CC by SA Cogdogblog\" src=\"http:\/\/gsara.tv\/charleroi\/wp-content\/uploads\/2013\/12\/cogdogblog-8400722095_dc84d6466e_o.jpg\" alt=\"cogdogblog-8400722095_dc84d6466e_o\" width=\"473\" height=\"315\" srcset=\"https:\/\/gsara.tv\/charleroi\/wp-content\/uploads\/2013\/12\/cogdogblog-8400722095_dc84d6466e_o.jpg 600w, https:\/\/gsara.tv\/charleroi\/wp-content\/uploads\/2013\/12\/cogdogblog-8400722095_dc84d6466e_o-300x200.jpg 300w\" sizes=\"(max-width: 473px) 100vw, 473px\" \/><\/a><strong>Contexte<\/strong><\/p>\n<p>Oubli\u00e9s dans les greniers et les tiroirs, des tr\u00e9sors familiaux sommeillent et attendent de revoir enfin le jour. Photos, lettres,&#8230; Tous ces souvenirs inestimables s&rsquo;usent et finissent par disparaitre alors qu&rsquo;ils auraient pu \u00eatre conserv\u00e9s. Comment pr\u00e9server ces tr\u00e9sors et les partager facilement avec ses proches ?<\/p>\n<p><!--more--><\/p>\n<p style=\"text-align: left;\"><a href=\"http:\/\/gsara.tv\/charleroi\/wp-content\/uploads\/2013\/12\/jos-dielis-6997778897_f55340a960_o1.jpg\" rel=\"lightbox[138]\"><img data-attachment-id=\"164\" data-permalink=\"https:\/\/gsara.tv\/charleroi\/histoires-de-famille-conservation-et-partage-de-souvenirs\/jos-dielis-6997778897_f55340a960_o-2\/\" data-orig-file=\"https:\/\/gsara.tv\/charleroi\/wp-content\/uploads\/2013\/12\/jos-dielis-6997778897_f55340a960_o1.jpg\" data-orig-size=\"583,408\" data-comments-opened=\"1\" data-image-meta=\"{&quot;aperture&quot;:&quot;0&quot;,&quot;credit&quot;:&quot;&quot;,&quot;camera&quot;:&quot;&quot;,&quot;caption&quot;:&quot;&quot;,&quot;created_timestamp&quot;:&quot;0&quot;,&quot;copyright&quot;:&quot;\\u00a92012 Jos Dielis&quot;,&quot;focal_length&quot;:&quot;0&quot;,&quot;iso&quot;:&quot;0&quot;,&quot;shutter_speed&quot;:&quot;0&quot;,&quot;title&quot;:&quot;&quot;}\" data-image-title=\"jos-dielis-6997778897_f55340a960_o\" data-image-description=\"\" data-image-caption=\"\" data-medium-file=\"https:\/\/gsara.tv\/charleroi\/wp-content\/uploads\/2013\/12\/jos-dielis-6997778897_f55340a960_o1-300x209.jpg\" data-large-file=\"https:\/\/gsara.tv\/charleroi\/wp-content\/uploads\/2013\/12\/jos-dielis-6997778897_f55340a960_o1.jpg\" decoding=\"async\" loading=\"lazy\" class=\"aligncenter size-full wp-image-164\" title=\"CC by SA Jos Dielis\" src=\"http:\/\/gsara.tv\/charleroi\/wp-content\/uploads\/2013\/12\/jos-dielis-6997778897_f55340a960_o1.jpg\" alt=\"jos-dielis-6997778897_f55340a960_o\" width=\"445\" height=\"311\" srcset=\"https:\/\/gsara.tv\/charleroi\/wp-content\/uploads\/2013\/12\/jos-dielis-6997778897_f55340a960_o1.jpg 583w, https:\/\/gsara.tv\/charleroi\/wp-content\/uploads\/2013\/12\/jos-dielis-6997778897_f55340a960_o1-300x209.jpg 300w\" sizes=\"(max-width: 445px) 100vw, 445px\" \/><\/a><strong>Objectifs op\u00e9rationnels<\/strong><\/p>\n<p>Les objectifs de cet atelier sont multiples. A travers cette activit\u00e9, nous souhaitons avant tout aider les familles \u00e0 collecter, conserver et partager les souvenirs de leurs anc\u00eatres.<\/p>\n<p>Les participants apprendront \u00e0\u00a0 num\u00e9riser des documents (scanning). Ils d\u00e9couvriront ensuite comment les retoucher et les mettre en ligne de fa\u00e7on appropri\u00e9e. Les participants seront aussi amen\u00e9s \u00e0 r\u00e9aliser une ligne du temps num\u00e9rique.<\/p>\n<p style=\"text-align: left;\"><a href=\"http:\/\/gsara.tv\/charleroi\/wp-content\/uploads\/2013\/12\/JodyDigger5761881001_589d262c01_o.jpg\" rel=\"lightbox[138]\"><img data-attachment-id=\"156\" data-permalink=\"https:\/\/gsara.tv\/charleroi\/anecdotes-dautrefois-en-pays-de-charleroi\/jodydigger5761881001_589d262c01_o\/\" data-orig-file=\"https:\/\/gsara.tv\/charleroi\/wp-content\/uploads\/2013\/12\/JodyDigger5761881001_589d262c01_o.jpg\" data-orig-size=\"600,450\" data-comments-opened=\"1\" data-image-meta=\"{&quot;aperture&quot;:&quot;0&quot;,&quot;credit&quot;:&quot;&quot;,&quot;camera&quot;:&quot;&quot;,&quot;caption&quot;:&quot;&quot;,&quot;created_timestamp&quot;:&quot;0&quot;,&quot;copyright&quot;:&quot;&quot;,&quot;focal_length&quot;:&quot;0&quot;,&quot;iso&quot;:&quot;0&quot;,&quot;shutter_speed&quot;:&quot;0&quot;,&quot;title&quot;:&quot;&quot;}\" data-image-title=\"JodyDigger5761881001_589d262c01_o\" data-image-description=\"\" data-image-caption=\"\" data-medium-file=\"https:\/\/gsara.tv\/charleroi\/wp-content\/uploads\/2013\/12\/JodyDigger5761881001_589d262c01_o-300x225.jpg\" data-large-file=\"https:\/\/gsara.tv\/charleroi\/wp-content\/uploads\/2013\/12\/JodyDigger5761881001_589d262c01_o.jpg\" decoding=\"async\" loading=\"lazy\" class=\"aligncenter size-full wp-image-156\" title=\"CC by SA Jody Digger\" src=\"http:\/\/gsara.tv\/charleroi\/wp-content\/uploads\/2013\/12\/JodyDigger5761881001_589d262c01_o.jpg\" alt=\"JodyDigger5761881001_589d262c01_o\" width=\"471\" height=\"353\" srcset=\"https:\/\/gsara.tv\/charleroi\/wp-content\/uploads\/2013\/12\/JodyDigger5761881001_589d262c01_o.jpg 600w, https:\/\/gsara.tv\/charleroi\/wp-content\/uploads\/2013\/12\/JodyDigger5761881001_589d262c01_o-300x225.jpg 300w\" sizes=\"(max-width: 471px) 100vw, 471px\" \/><\/a><strong>Le contenu de l\u2019atelier<\/strong><\/p>\n<p>Dans un premier temps, les participants seront invit\u00e9s \u00e0 collecter les souvenirs familiaux qu&rsquo;ils d\u00e9sirent conserver et partager (photographies, lettres, dessins, etc.). Ensuite ils num\u00e9riseront les documents et les retoucheront gr\u00e2ce \u00e0 un logiciel de retouche d&rsquo;images (Photoshop). Il leur sera alors propos\u00e9 de r\u00e9aliser une ligne du temps afin de situer ces souvenirs et enfin de publier le r\u00e9sultat sur une plateforme (blog).<\/p>\n<p style=\"text-align: left;\"><a href=\"http:\/\/gsara.tv\/charleroi\/wp-content\/uploads\/2013\/12\/Kalexanderson-8339338656_1dde680374_o.jpg\" rel=\"lightbox[138]\"><img data-attachment-id=\"157\" data-permalink=\"https:\/\/gsara.tv\/charleroi\/anecdotes-dautrefois-en-pays-de-charleroi\/kalexanderson-8339338656_1dde680374_o\/\" data-orig-file=\"https:\/\/gsara.tv\/charleroi\/wp-content\/uploads\/2013\/12\/Kalexanderson-8339338656_1dde680374_o.jpg\" data-orig-size=\"600,338\" data-comments-opened=\"1\" data-image-meta=\"{&quot;aperture&quot;:&quot;0&quot;,&quot;credit&quot;:&quot;&quot;,&quot;camera&quot;:&quot;&quot;,&quot;caption&quot;:&quot;&quot;,&quot;created_timestamp&quot;:&quot;0&quot;,&quot;copyright&quot;:&quot;&quot;,&quot;focal_length&quot;:&quot;0&quot;,&quot;iso&quot;:&quot;0&quot;,&quot;shutter_speed&quot;:&quot;0&quot;,&quot;title&quot;:&quot;&quot;}\" data-image-title=\"Kalexanderson-8339338656_1dde680374_o\" data-image-description=\"\" data-image-caption=\"\" data-medium-file=\"https:\/\/gsara.tv\/charleroi\/wp-content\/uploads\/2013\/12\/Kalexanderson-8339338656_1dde680374_o-300x169.jpg\" data-large-file=\"https:\/\/gsara.tv\/charleroi\/wp-content\/uploads\/2013\/12\/Kalexanderson-8339338656_1dde680374_o.jpg\" decoding=\"async\" loading=\"lazy\" class=\"aligncenter wp-image-157\" title=\"CC by SA Kalexanderson\" src=\"http:\/\/gsara.tv\/charleroi\/wp-content\/uploads\/2013\/12\/Kalexanderson-8339338656_1dde680374_o.jpg\" alt=\"Kalexanderson-8339338656_1dde680374_o\" width=\"482\" height=\"271\" srcset=\"https:\/\/gsara.tv\/charleroi\/wp-content\/uploads\/2013\/12\/Kalexanderson-8339338656_1dde680374_o.jpg 600w, https:\/\/gsara.tv\/charleroi\/wp-content\/uploads\/2013\/12\/Kalexanderson-8339338656_1dde680374_o-300x169.jpg 300w\" sizes=\"(max-width: 482px) 100vw, 482px\" \/><\/a><strong>Public<\/strong><\/p>\n<p>Cet atelier s\u2019adresse \u00e0 tous mais tout sp\u00e9cialement aux seniors actifs, n\u00e9ophytes dans les domaines de la num\u00e9risation, de la retouche d&rsquo;images et du blogging. Curieux d\u2019apprendre et int\u00e9ress\u00e9s par les nouvelles technologies, ils poss\u00e8dent des bases en informatique sans pour autant \u00eatre des pros de la souris. Leur motivation est li\u00e9e \u00e0 la conservation du patrimoine familial, ainsi qu&rsquo;\u00e0\u00a0 l\u2019apprentissage d\u2019outils informatiques.<\/p>\n","protected":false},"excerpt":{"rendered":"<p>Contexte Oubli\u00e9s dans les greniers et les tiroirs, des tr\u00e9sors familiaux sommeillent et attendent de revoir enfin le jour. Photos, lettres,&#8230; Tous ces souvenirs inestimables s&rsquo;usent et finissent par disparaitre alors qu&rsquo;ils auraient pu \u00eatre conserv\u00e9s. Comment pr\u00e9server ces tr\u00e9sors et les partager facilement avec ses proches ?<\/p>\n","protected":false},"author":2,"featured_media":157,"comment_status":"open","ping_status":"open","sticky":false,"template":"","format":"standard","meta":{"ngg_post_thumbnail":0,"jetpack_publicize_message":"","jetpack_is_tweetstorm":false,"jetpack_publicize_feature_enabled":true,"jetpack_social_post_already_shared":true,"jetpack_social_options":{"image_generator_settings":{"template":"highway","enabled":false}}},"categories":[6,64],"tags":[49,47,46,48],"jetpack_publicize_connections":[],"views":509,"jetpack_featured_media_url":"https:\/\/gsara.tv\/charleroi\/wp-content\/uploads\/2013\/12\/Kalexanderson-8339338656_1dde680374_o.jpg","jetpack_sharing_enabled":true,"_links":{"self":[{"href":"https:\/\/gsara.tv\/charleroi\/wp-json\/wp\/v2\/posts\/138"}],"collection":[{"href":"https:\/\/gsara.tv\/charleroi\/wp-json\/wp\/v2\/posts"}],"about":[{"href":"https:\/\/gsara.tv\/charleroi\/wp-json\/wp\/v2\/types\/post"}],"author":[{"embeddable":true,"href":"https:\/\/gsara.tv\/charleroi\/wp-json\/wp\/v2\/users\/2"}],"replies":[{"embeddable":true,"href":"https:\/\/gsara.tv\/charleroi\/wp-json\/wp\/v2\/comments?post=138"}],"version-history":[{"count":13,"href":"https:\/\/gsara.tv\/charleroi\/wp-json\/wp\/v2\/posts\/138\/revisions"}],"predecessor-version":[{"id":110405,"href":"https:\/\/gsara.tv\/charleroi\/wp-json\/wp\/v2\/posts\/138\/revisions\/110405"}],"wp:featuredmedia":[{"embeddable":true,"href":"https:\/\/gsara.tv\/charleroi\/wp-json\/wp\/v2\/media\/157"}],"wp:attachment":[{"href":"https:\/\/gsara.tv\/charleroi\/wp-json\/wp\/v2\/media?parent=138"}],"wp:term":[{"taxonomy":"category","embeddable":true,"href":"https:\/\/gsara.tv\/charleroi\/wp-json\/wp\/v2\/categories?post=138"},{"taxonomy":"post_tag","embeddable":true,"href":"https:\/\/gsara.tv\/charleroi\/wp-json\/wp\/v2\/tags?post=138"}],"curies":[{"name":"wp","href":"https:\/\/api.w.org\/{rel}","templated":true}]}}