{"id":454,"date":"2014-07-11T15:24:55","date_gmt":"2014-07-11T14:24:55","guid":{"rendered":"http:\/\/gsara.tv\/charleroi\/?p=454"},"modified":"2018-07-10T14:01:27","modified_gmt":"2018-07-10T13:01:27","slug":"souvenirs-des-annees-de-guerre-a-charleroi-2","status":"publish","type":"post","link":"https:\/\/gsara.tv\/charleroi\/souvenirs-des-annees-de-guerre-a-charleroi-2\/","title":{"rendered":"Souvenirs des ann\u00e9es de guerre \u00e0 Charleroi -2-"},"content":{"rendered":"<p>En marge des activit\u00e9s multim\u00e9dias que nous faisons \u00e0 la maison de repos de Jumet,&nbsp; nous avons enregistr\u00e9 quelques t\u00e9moignages \u00e0 propos de la seconde guerre mondiale, nous voulons par l\u00e0 nous int\u00e9resser particuli\u00e8rement aux aspects locaux de l\u2019occupation allemande dans la r\u00e9gion carolo.<\/p>\n<p>Cet entretien \u00e0 eu lieu \u00e0 Jumet le 06 juin 2014, jour des 70 ans du d\u00e9barquement en Normandie avec Mr Alfred Bierlaire et Mme Marie-Paule Gosse. Un grand merci \u00e0 eux.<!--more--><\/p>\n<p><a href=\"http:\/\/gsara.tv\/charleroi\/wp-content\/uploads\/2014\/07\/Souvenirs-des-ann\u00e9es-de-guerre-\u00e0-Charleroi2.jpg\" rel=\"lightbox[454]\"><img data-attachment-id=\"455\" data-permalink=\"https:\/\/gsara.tv\/charleroi\/souvenirs-des-annees-de-guerre-a-charleroi-2\/souvenirs-des-annees-de-guerre-a-charleroi2\/\" data-orig-file=\"https:\/\/gsara.tv\/charleroi\/wp-content\/uploads\/2014\/07\/Souvenirs-des-ann\u00e9es-de-guerre-\u00e0-Charleroi2.jpg\" data-orig-size=\"725,351\" data-comments-opened=\"1\" data-image-meta=\"{&quot;aperture&quot;:&quot;0&quot;,&quot;credit&quot;:&quot;&quot;,&quot;camera&quot;:&quot;&quot;,&quot;caption&quot;:&quot;&quot;,&quot;created_timestamp&quot;:&quot;0&quot;,&quot;copyright&quot;:&quot;&quot;,&quot;focal_length&quot;:&quot;0&quot;,&quot;iso&quot;:&quot;0&quot;,&quot;shutter_speed&quot;:&quot;0&quot;,&quot;title&quot;:&quot;&quot;}\" data-image-title=\"Souvenirs-des-ann\u00e9es-de-guerre-\u00e0-Charleroi2\" data-image-description=\"\" data-image-caption=\"\" data-medium-file=\"https:\/\/gsara.tv\/charleroi\/wp-content\/uploads\/2014\/07\/Souvenirs-des-ann\u00e9es-de-guerre-\u00e0-Charleroi2-300x145.jpg\" data-large-file=\"https:\/\/gsara.tv\/charleroi\/wp-content\/uploads\/2014\/07\/Souvenirs-des-ann\u00e9es-de-guerre-\u00e0-Charleroi2.jpg\" decoding=\"async\" loading=\"lazy\" class=\"size-full wp-image-455 aligncenter\" src=\"http:\/\/gsara.tv\/charleroi\/wp-content\/uploads\/2014\/07\/Souvenirs-des-ann\u00e9es-de-guerre-\u00e0-Charleroi2.jpg\" alt=\"Souvenirs-des-ann\u00e9es-de-guerre-\u00e0-Charleroi2\" width=\"725\" height=\"351\" srcset=\"https:\/\/gsara.tv\/charleroi\/wp-content\/uploads\/2014\/07\/Souvenirs-des-ann\u00e9es-de-guerre-\u00e0-Charleroi2.jpg 725w, https:\/\/gsara.tv\/charleroi\/wp-content\/uploads\/2014\/07\/Souvenirs-des-ann\u00e9es-de-guerre-\u00e0-Charleroi2-300x145.jpg 300w\" sizes=\"(max-width: 725px) 100vw, 725px\" \/><\/a><\/p>\n<p><strong><br \/>\nEpisode 6<\/strong> : La r\u00e9sistance, les rexistes, les d\u00e9nonciations.<\/p>\n<!--[if lt IE 9]><script>document.createElement('audio');<\/script><![endif]-->\n<audio class=\"wp-audio-shortcode\" id=\"audio-454-1\" preload=\"none\" style=\"width: 100%;\" controls=\"controls\"><source type=\"audio\/mpeg\" src=\"http:\/\/gsara.tv\/charleroi\/wp-content\/uploads\/2014\/07\/entretien2-guerre-40-45-episode6.mp3?_=1\" \/><a href=\"http:\/\/gsara.tv\/charleroi\/wp-content\/uploads\/2014\/07\/entretien2-guerre-40-45-episode6.mp3\">http:\/\/gsara.tv\/charleroi\/wp-content\/uploads\/2014\/07\/entretien2-guerre-40-45-episode6.mp3<\/a><\/audio>\n<p><strong><br \/>\nEpisode 7<\/strong> : La r\u00e9sistance, la radio, hier et aujourd&rsquo;hui, les socialistes, l&rsquo;assasinat du bourgmestre de Charleroi, le march\u00e9 noir, le commerce.<\/p>\n<audio class=\"wp-audio-shortcode\" id=\"audio-454-2\" preload=\"none\" style=\"width: 100%;\" controls=\"controls\"><source type=\"audio\/mpeg\" src=\"http:\/\/gsara.tv\/charleroi\/wp-content\/uploads\/2014\/07\/entretien2-guerre-40-45-episode7.mp3?_=2\" \/><a href=\"http:\/\/gsara.tv\/charleroi\/wp-content\/uploads\/2014\/07\/entretien2-guerre-40-45-episode7.mp3\">http:\/\/gsara.tv\/charleroi\/wp-content\/uploads\/2014\/07\/entretien2-guerre-40-45-episode7.mp3<\/a><\/audio>\n<p><strong><br \/>\nEpisode 8<\/strong> :Travail en Allemagne, la lib\u00e9ration, cigarettes-whisky et petites p\u00e9p\u00e9es, l&rsquo;arriv\u00e9e des am\u00e9ricains, occupation de l&rsquo;Allemagne apr\u00e8s-guerre.<\/p>\n<audio class=\"wp-audio-shortcode\" id=\"audio-454-3\" preload=\"none\" style=\"width: 100%;\" controls=\"controls\"><source type=\"audio\/mpeg\" src=\"http:\/\/gsara.tv\/charleroi\/wp-content\/uploads\/2014\/07\/entretien2-guerre-40-45-episode8.mp3?_=3\" \/><a href=\"http:\/\/gsara.tv\/charleroi\/wp-content\/uploads\/2014\/07\/entretien2-guerre-40-45-episode8.mp3\">http:\/\/gsara.tv\/charleroi\/wp-content\/uploads\/2014\/07\/entretien2-guerre-40-45-episode8.mp3<\/a><\/audio>\n<p>&nbsp;<\/p>\n<p><span style=\"color: #ff0000;\"><strong><a href=\"https:\/\/gsara.tv\/charleroi\/wp-content\/uploads\/2018\/07\/Entretient-Geurre-40-45.zip\"><span style=\"color: #ff0000;\">T\u00c9L\u00c9CHARGEMENT<\/span><\/a>&nbsp;<\/strong><\/span>\u00e9pisodes 1 \u00e0 8<\/p>\n<p>&#8212;&#8212;&#8212;<\/p>\n<h6>Musique du g\u00e9n\u00e9rique sous licence CC : <a href=\"http:\/\/ccmixter.org\/files\/VJ_Memes\/37243\" target=\"_blank\" rel=\"noopener\">\u00ab\u00a0Circus man\u00a0\u00bb by Jeris<\/a><\/h6>\n<h6>Extrait sonore au moment de la lib\u00e9ration tir\u00e9e de <a href=\"https:\/\/archive.org\/details\/gov.dod.dimoc.30176\" target=\"_blank\" rel=\"noopener\">ARMY IN ACTION &#8211; EPISODE VII &#8211; THE TIDE TURNS<\/a>, film sous licence CC0 1.0 Universal.<\/h6>\n","protected":false},"excerpt":{"rendered":"<p>En marge des activit\u00e9s multim\u00e9dias que nous faisons \u00e0 la maison de repos de Jumet,&nbsp; nous avons enregistr\u00e9 quelques t\u00e9moignages \u00e0 propos de la seconde guerre mondiale, nous voulons par l\u00e0 nous int\u00e9resser particuli\u00e8rement aux aspects locaux de l\u2019occupation allemande dans la r\u00e9gion carolo. Cet entretien \u00e0 eu lieu \u00e0 Jumet le 06 juin 2014, [&hellip;]<\/p>\n","protected":false},"author":2,"featured_media":455,"comment_status":"open","ping_status":"open","sticky":false,"template":"","format":"standard","meta":{"ngg_post_thumbnail":0,"jetpack_publicize_message":"","jetpack_is_tweetstorm":false,"jetpack_publicize_feature_enabled":true,"jetpack_social_post_already_shared":true,"jetpack_social_options":{"image_generator_settings":{"template":"highway","enabled":false}}},"categories":[6,63,1],"tags":[27,105,101,110,109,102,104],"jetpack_publicize_connections":[],"views":1108,"jetpack_featured_media_url":"https:\/\/gsara.tv\/charleroi\/wp-content\/uploads\/2014\/07\/Souvenirs-des-ann\u00e9es-de-guerre-\u00e0-Charleroi2.jpg","jetpack_sharing_enabled":true,"_links":{"self":[{"href":"https:\/\/gsara.tv\/charleroi\/wp-json\/wp\/v2\/posts\/454"}],"collection":[{"href":"https:\/\/gsara.tv\/charleroi\/wp-json\/wp\/v2\/posts"}],"about":[{"href":"https:\/\/gsara.tv\/charleroi\/wp-json\/wp\/v2\/types\/post"}],"author":[{"embeddable":true,"href":"https:\/\/gsara.tv\/charleroi\/wp-json\/wp\/v2\/users\/2"}],"replies":[{"embeddable":true,"href":"https:\/\/gsara.tv\/charleroi\/wp-json\/wp\/v2\/comments?post=454"}],"version-history":[{"count":9,"href":"https:\/\/gsara.tv\/charleroi\/wp-json\/wp\/v2\/posts\/454\/revisions"}],"predecessor-version":[{"id":111240,"href":"https:\/\/gsara.tv\/charleroi\/wp-json\/wp\/v2\/posts\/454\/revisions\/111240"}],"wp:featuredmedia":[{"embeddable":true,"href":"https:\/\/gsara.tv\/charleroi\/wp-json\/wp\/v2\/media\/455"}],"wp:attachment":[{"href":"https:\/\/gsara.tv\/charleroi\/wp-json\/wp\/v2\/media?parent=454"}],"wp:term":[{"taxonomy":"category","embeddable":true,"href":"https:\/\/gsara.tv\/charleroi\/wp-json\/wp\/v2\/categories?post=454"},{"taxonomy":"post_tag","embeddable":true,"href":"https:\/\/gsara.tv\/charleroi\/wp-json\/wp\/v2\/tags?post=454"}],"curies":[{"name":"wp","href":"https:\/\/api.w.org\/{rel}","templated":true}]}}