{"id":60001,"date":"2015-01-10T14:42:44","date_gmt":"2015-01-10T13:42:44","guid":{"rendered":"http:\/\/gsara.tv\/charleroi\/?p=60001"},"modified":"2015-05-08T12:39:11","modified_gmt":"2015-05-08T11:39:11","slug":"visite-emotionnelle-2014-la-video","status":"publish","type":"post","link":"https:\/\/gsara.tv\/charleroi\/visite-emotionnelle-2014-la-video\/","title":{"rendered":"Visite \u00e9MOTionnelle 2014 &#8211; la vid\u00e9o"},"content":{"rendered":"<p><img decoding=\"async\" loading=\"lazy\" class=\"aligncenter\" src=\"http:\/\/www.lesmots-charleroi.be\/web\/wp-content\/uploads\/2014\/02\/header1.png\" alt=\"\" width=\"591\" height=\"289\" \/><\/p>\n<p id=\"eow-description\">Du 15 au 23 mars 2014, \u00e0 l\u2019occasion de \u201cLa langue fran\u00e7aise en F\u00eate\u201d, Charleroi \u00e9tait \u201cVille des Mots\u201d.<br \/>\nPendant une semaine, la cit\u00e9 carolo fut l\u2019ambassadrice de la langue de Moli\u00e8re. Le th\u00e8me de cette \u00e9dition s&rsquo;\u00e9non\u00e7ait \u00ab\u00a0Les mots d\u00e9collent ! \u00a0\u00bb et garder les pieds sur terre \u00e9tait donc vivement d\u00e9conseill\u00e9\u2026<\/p>\n<p>La visite eMOTionnelle \u00e9tait assur\u00e9e par Isabelle<\/p>\n<p>Captation et montage<br \/>\nGsara asbl<\/p>\n<p><iframe loading=\"lazy\" width=\"640\" height=\"360\" src=\"https:\/\/www.youtube.com\/embed\/nbraGxeRrbs?rel=0\" frameborder=\"0\" allowfullscreen><\/iframe><\/p>\n","protected":false},"excerpt":{"rendered":"<p>Du 15 au 23 mars 2014, \u00e0 l\u2019occasion de \u201cLa langue fran\u00e7aise en F\u00eate\u201d, Charleroi \u00e9tait \u201cVille des Mots\u201d. Pendant une semaine, la cit\u00e9 carolo fut l\u2019ambassadrice de la langue de Moli\u00e8re. Le th\u00e8me de cette \u00e9dition s&rsquo;\u00e9non\u00e7ait \u00ab\u00a0Les mots d\u00e9collent ! \u00a0\u00bb et garder les pieds sur terre \u00e9tait donc vivement d\u00e9conseill\u00e9\u2026 La visite [&hellip;]<\/p>\n","protected":false},"author":2,"featured_media":369,"comment_status":"closed","ping_status":"closed","sticky":false,"template":"","format":"standard","meta":{"ngg_post_thumbnail":0,"jetpack_publicize_message":"","jetpack_is_tweetstorm":false,"jetpack_publicize_feature_enabled":true,"jetpack_social_post_already_shared":true,"jetpack_social_options":{"image_generator_settings":{"template":"highway","enabled":false}}},"categories":[50,84],"tags":[92,141,144,142,143,95],"jetpack_publicize_connections":[],"views":1248,"jetpack_featured_media_url":"https:\/\/gsara.tv\/charleroi\/wp-content\/uploads\/2014\/03\/carte1.png","jetpack_sharing_enabled":true,"_links":{"self":[{"href":"https:\/\/gsara.tv\/charleroi\/wp-json\/wp\/v2\/posts\/60001"}],"collection":[{"href":"https:\/\/gsara.tv\/charleroi\/wp-json\/wp\/v2\/posts"}],"about":[{"href":"https:\/\/gsara.tv\/charleroi\/wp-json\/wp\/v2\/types\/post"}],"author":[{"embeddable":true,"href":"https:\/\/gsara.tv\/charleroi\/wp-json\/wp\/v2\/users\/2"}],"replies":[{"embeddable":true,"href":"https:\/\/gsara.tv\/charleroi\/wp-json\/wp\/v2\/comments?post=60001"}],"version-history":[{"count":2,"href":"https:\/\/gsara.tv\/charleroi\/wp-json\/wp\/v2\/posts\/60001\/revisions"}],"predecessor-version":[{"id":109750,"href":"https:\/\/gsara.tv\/charleroi\/wp-json\/wp\/v2\/posts\/60001\/revisions\/109750"}],"wp:featuredmedia":[{"embeddable":true,"href":"https:\/\/gsara.tv\/charleroi\/wp-json\/wp\/v2\/media\/369"}],"wp:attachment":[{"href":"https:\/\/gsara.tv\/charleroi\/wp-json\/wp\/v2\/media?parent=60001"}],"wp:term":[{"taxonomy":"category","embeddable":true,"href":"https:\/\/gsara.tv\/charleroi\/wp-json\/wp\/v2\/categories?post=60001"},{"taxonomy":"post_tag","embeddable":true,"href":"https:\/\/gsara.tv\/charleroi\/wp-json\/wp\/v2\/tags?post=60001"}],"curies":[{"name":"wp","href":"https:\/\/api.w.org\/{rel}","templated":true}]}}