{"id":1,"date":"2022-09-01T11:15:22","date_gmt":"2022-09-01T09:15:22","guid":{"rendered":"https:\/\/gsara.tv\/campagne2022\/?p=1"},"modified":"2022-10-17T11:47:50","modified_gmt":"2022-10-17T09:47:50","slug":"infographie","status":"publish","type":"post","link":"https:\/\/gsara.tv\/lenversdudecor\/infographie\/","title":{"rendered":"En quelques mots\u00a0: L\u2019envers du d\u00e9cor\u00a0expliqu\u00e9"},"content":{"rendered":"\n<figure class=\"wp-block-image size-large\"><img loading=\"lazy\" decoding=\"async\" width=\"1024\" height=\"823\" src=\"https:\/\/gsara.tv\/lenversdudecor\/wp-content\/uploads\/2022\/10\/NEGATIF-02-1024x823.png\" alt=\"\" class=\"wp-image-165\" srcset=\"https:\/\/gsara.tv\/lenversdudecor\/wp-content\/uploads\/2022\/10\/NEGATIF-02-1024x823.png 1024w, https:\/\/gsara.tv\/lenversdudecor\/wp-content\/uploads\/2022\/10\/NEGATIF-02-300x241.png 300w, https:\/\/gsara.tv\/lenversdudecor\/wp-content\/uploads\/2022\/10\/NEGATIF-02-768x617.png 768w, https:\/\/gsara.tv\/lenversdudecor\/wp-content\/uploads\/2022\/10\/NEGATIF-02-1536x1234.png 1536w, https:\/\/gsara.tv\/lenversdudecor\/wp-content\/uploads\/2022\/10\/NEGATIF-02.png 1800w\" sizes=\"auto, (max-width: 706px) 89vw, (max-width: 767px) 82vw, 740px\" \/><\/figure>\n\n\n\n<p>Nous pr\u00e9sentons ici les diff\u00e9rents \u00e9l\u00e9ments de r\u00e9flexion qui ont men\u00e9 \u00e0 la cr\u00e9ation du visuel de cette campagne, r\u00e9alis\u00e9 par Cl\u00e9ment Hostein.<\/p>\n\n\n\n<div class=\"wp-block-media-text alignwide is-stacked-on-mobile is-vertically-aligned-top\"><figure class=\"wp-block-media-text__media\"><img loading=\"lazy\" decoding=\"async\" width=\"1024\" height=\"1024\" src=\"https:\/\/gsara.tv\/lenversdudecor\/wp-content\/uploads\/2022\/10\/CARRE-SMART-2-1024x1024.jpg\" alt=\"\" class=\"wp-image-215 size-full\" srcset=\"https:\/\/gsara.tv\/lenversdudecor\/wp-content\/uploads\/2022\/10\/CARRE-SMART-2-1024x1024.jpg 1024w, https:\/\/gsara.tv\/lenversdudecor\/wp-content\/uploads\/2022\/10\/CARRE-SMART-2-300x300.jpg 300w, https:\/\/gsara.tv\/lenversdudecor\/wp-content\/uploads\/2022\/10\/CARRE-SMART-2-150x150.jpg 150w, https:\/\/gsara.tv\/lenversdudecor\/wp-content\/uploads\/2022\/10\/CARRE-SMART-2-768x768.jpg 768w, https:\/\/gsara.tv\/lenversdudecor\/wp-content\/uploads\/2022\/10\/CARRE-SMART-2-1536x1536.jpg 1536w, https:\/\/gsara.tv\/lenversdudecor\/wp-content\/uploads\/2022\/10\/CARRE-SMART-2-2048x2048.jpg 2048w, https:\/\/gsara.tv\/lenversdudecor\/wp-content\/uploads\/2022\/10\/CARRE-SMART-2-100x100.jpg 100w\" sizes=\"auto, (max-width: 706px) 89vw, (max-width: 767px) 82vw, 740px\" \/><\/figure><div class=\"wp-block-media-text__content\">\n<p><em>La smart city est l\u2019horizon des politiques lorsqu\u2019il s\u2019agit de justifier la num\u00e9risation en cours. Ainsi, l\u2019objectif de la R\u00e9gion de Bruxelles-Capitale est de faire de la ville une smart city d\u2019ici 2030. Pourtant, aucune d\u00e9finition claire n\u2019existe \u00e0 ce sujet. Naomi Klein \u00e9clairait ses enjeux dans un contexte international dans son article&nbsp;<a rel=\"noreferrer noopener\" href=\"https:\/\/gsara.tv\/teletravailler\/naomi-klein-capitalisme-numerique\/\" target=\"_blank\">La strat\u00e9gie du choc num\u00e9rique<\/a>.<\/em><\/p>\n<\/div><\/div>\n\n\n\n<div class=\"wp-block-media-text alignwide is-stacked-on-mobile is-vertically-aligned-top\"><figure class=\"wp-block-media-text__media\"><img loading=\"lazy\" decoding=\"async\" width=\"1024\" height=\"1024\" src=\"https:\/\/gsara.tv\/lenversdudecor\/wp-content\/uploads\/2022\/10\/CARRE-GUICHET-1024x1024.jpg\" alt=\"\" class=\"wp-image-217 size-full\" srcset=\"https:\/\/gsara.tv\/lenversdudecor\/wp-content\/uploads\/2022\/10\/CARRE-GUICHET-1024x1024.jpg 1024w, https:\/\/gsara.tv\/lenversdudecor\/wp-content\/uploads\/2022\/10\/CARRE-GUICHET-300x300.jpg 300w, https:\/\/gsara.tv\/lenversdudecor\/wp-content\/uploads\/2022\/10\/CARRE-GUICHET-150x150.jpg 150w, https:\/\/gsara.tv\/lenversdudecor\/wp-content\/uploads\/2022\/10\/CARRE-GUICHET-768x768.jpg 768w, https:\/\/gsara.tv\/lenversdudecor\/wp-content\/uploads\/2022\/10\/CARRE-GUICHET-1536x1536.jpg 1536w, https:\/\/gsara.tv\/lenversdudecor\/wp-content\/uploads\/2022\/10\/CARRE-GUICHET-2048x2048.jpg 2048w, https:\/\/gsara.tv\/lenversdudecor\/wp-content\/uploads\/2022\/10\/CARRE-GUICHET-100x100.jpg 100w\" sizes=\"auto, (max-width: 706px) 89vw, (max-width: 767px) 82vw, 740px\" \/><\/figure><div class=\"wp-block-media-text__content\">\n<p><em>Fermeture des guichets, interfaces num\u00e9riques et \u00e9changes avec des bots plut\u00f4t qu\u2019avec des humains sont le nouveau lot des citoyens lorsqu\u2019ils essayent de rentrer en contact avec leurs services publics.<\/em><\/p>\n<\/div><\/div>\n\n\n\n<p><\/p>\n\n\n\n<div class=\"wp-block-media-text alignwide is-stacked-on-mobile is-vertically-aligned-top\"><figure class=\"wp-block-media-text__media\"><img loading=\"lazy\" decoding=\"async\" width=\"1024\" height=\"1024\" src=\"https:\/\/gsara.tv\/lenversdudecor\/wp-content\/uploads\/2022\/10\/CARRE-ADMINISTRATIVE-1024x1024.jpg\" alt=\"\" class=\"wp-image-221 size-full\" srcset=\"https:\/\/gsara.tv\/lenversdudecor\/wp-content\/uploads\/2022\/10\/CARRE-ADMINISTRATIVE-1024x1024.jpg 1024w, https:\/\/gsara.tv\/lenversdudecor\/wp-content\/uploads\/2022\/10\/CARRE-ADMINISTRATIVE-300x300.jpg 300w, https:\/\/gsara.tv\/lenversdudecor\/wp-content\/uploads\/2022\/10\/CARRE-ADMINISTRATIVE-150x150.jpg 150w, https:\/\/gsara.tv\/lenversdudecor\/wp-content\/uploads\/2022\/10\/CARRE-ADMINISTRATIVE-768x768.jpg 768w, https:\/\/gsara.tv\/lenversdudecor\/wp-content\/uploads\/2022\/10\/CARRE-ADMINISTRATIVE-1536x1536.jpg 1536w, https:\/\/gsara.tv\/lenversdudecor\/wp-content\/uploads\/2022\/10\/CARRE-ADMINISTRATIVE-2048x2048.jpg 2048w, https:\/\/gsara.tv\/lenversdudecor\/wp-content\/uploads\/2022\/10\/CARRE-ADMINISTRATIVE-100x100.jpg 100w\" sizes=\"auto, (max-width: 706px) 89vw, (max-width: 767px) 82vw, 740px\" \/><\/figure><div class=\"wp-block-media-text__content\">\n<p><em>La population se retrouve seule et d\u00e9munie face \u00e0 la fermeture des guichets. Ce qui est pr\u00e9sent\u00e9 comme une simplification administrative \u00e9quivaut le plus souvent comme le d\u00e9but d\u2019un parcours du combattant pour le citoyen qui doit se d\u00e9battre face \u00e0 ces \u2018solutions\u2019 finalement peu pens\u00e9es pour lui.<\/em><\/p>\n<\/div><\/div>\n\n\n\n<div class=\"wp-block-media-text alignwide is-stacked-on-mobile is-vertically-aligned-top\"><figure class=\"wp-block-media-text__media\"><img loading=\"lazy\" decoding=\"async\" width=\"1024\" height=\"1024\" src=\"https:\/\/gsara.tv\/lenversdudecor\/wp-content\/uploads\/2022\/10\/CARRE-WORKERS-1024x1024.jpg\" alt=\"\" class=\"wp-image-224 size-full\" srcset=\"https:\/\/gsara.tv\/lenversdudecor\/wp-content\/uploads\/2022\/10\/CARRE-WORKERS-1024x1024.jpg 1024w, https:\/\/gsara.tv\/lenversdudecor\/wp-content\/uploads\/2022\/10\/CARRE-WORKERS-300x300.jpg 300w, https:\/\/gsara.tv\/lenversdudecor\/wp-content\/uploads\/2022\/10\/CARRE-WORKERS-150x150.jpg 150w, https:\/\/gsara.tv\/lenversdudecor\/wp-content\/uploads\/2022\/10\/CARRE-WORKERS-768x768.jpg 768w, https:\/\/gsara.tv\/lenversdudecor\/wp-content\/uploads\/2022\/10\/CARRE-WORKERS-1536x1536.jpg 1536w, https:\/\/gsara.tv\/lenversdudecor\/wp-content\/uploads\/2022\/10\/CARRE-WORKERS-2048x2048.jpg 2048w, https:\/\/gsara.tv\/lenversdudecor\/wp-content\/uploads\/2022\/10\/CARRE-WORKERS-100x100.jpg 100w\" sizes=\"auto, (max-width: 706px) 89vw, (max-width: 767px) 82vw, 740px\" \/><\/figure><div class=\"wp-block-media-text__content\">\n<p><em>Le plus souvent, les travailleurs de ces institutions publiques sont tout aussi&nbsp;perdus&nbsp;par la num\u00e9risation. De plus, les \u00e9quipes \u2018accessibilit\u00e9\u2019, garante de la mission premi\u00e8re de l\u2019administration, ne sont que tr\u00e8s marginalement associ\u00e9s \u00e0 la num\u00e9risation de leurs outils.<\/em><\/p>\n<\/div><\/div>\n\n\n\n<div class=\"wp-block-media-text alignwide is-stacked-on-mobile is-vertically-aligned-top\"><figure class=\"wp-block-media-text__media\"><img loading=\"lazy\" decoding=\"async\" width=\"1024\" height=\"1024\" src=\"https:\/\/gsara.tv\/lenversdudecor\/wp-content\/uploads\/2022\/10\/CARRE-GAFAM-1024x1024.jpg\" alt=\"\" class=\"wp-image-225 size-full\" srcset=\"https:\/\/gsara.tv\/lenversdudecor\/wp-content\/uploads\/2022\/10\/CARRE-GAFAM-1024x1024.jpg 1024w, https:\/\/gsara.tv\/lenversdudecor\/wp-content\/uploads\/2022\/10\/CARRE-GAFAM-300x300.jpg 300w, https:\/\/gsara.tv\/lenversdudecor\/wp-content\/uploads\/2022\/10\/CARRE-GAFAM-150x150.jpg 150w, https:\/\/gsara.tv\/lenversdudecor\/wp-content\/uploads\/2022\/10\/CARRE-GAFAM-768x768.jpg 768w, https:\/\/gsara.tv\/lenversdudecor\/wp-content\/uploads\/2022\/10\/CARRE-GAFAM-1536x1536.jpg 1536w, https:\/\/gsara.tv\/lenversdudecor\/wp-content\/uploads\/2022\/10\/CARRE-GAFAM-2048x2048.jpg 2048w, https:\/\/gsara.tv\/lenversdudecor\/wp-content\/uploads\/2022\/10\/CARRE-GAFAM-100x100.jpg 100w\" sizes=\"auto, (max-width: 706px) 89vw, (max-width: 767px) 82vw, 740px\" \/><\/figure><div class=\"wp-block-media-text__content\">\n<p><em>Les tout-puissants GAFAM, via un lobbying \u00e9conomique&nbsp;f\u00e9roce, ont gagn\u00e9 tous les march\u00e9s li\u00e9s \u00e0 la num\u00e9risation. Et infl\u00e9chissent celle-ci sur base de leur mod\u00e8le priv\u00e9 et commercial.<\/em><\/p>\n<\/div><\/div>\n\n\n\n<div class=\"wp-block-media-text alignwide is-stacked-on-mobile is-vertically-aligned-top\"><figure class=\"wp-block-media-text__media\"><img loading=\"lazy\" decoding=\"async\" width=\"1024\" height=\"1024\" src=\"https:\/\/gsara.tv\/lenversdudecor\/wp-content\/uploads\/2022\/10\/CARRE-SERVEURS-1024x1024.jpg\" alt=\"\" class=\"wp-image-226 size-full\" srcset=\"https:\/\/gsara.tv\/lenversdudecor\/wp-content\/uploads\/2022\/10\/CARRE-SERVEURS-1024x1024.jpg 1024w, https:\/\/gsara.tv\/lenversdudecor\/wp-content\/uploads\/2022\/10\/CARRE-SERVEURS-300x300.jpg 300w, https:\/\/gsara.tv\/lenversdudecor\/wp-content\/uploads\/2022\/10\/CARRE-SERVEURS-150x150.jpg 150w, https:\/\/gsara.tv\/lenversdudecor\/wp-content\/uploads\/2022\/10\/CARRE-SERVEURS-768x768.jpg 768w, https:\/\/gsara.tv\/lenversdudecor\/wp-content\/uploads\/2022\/10\/CARRE-SERVEURS-1536x1536.jpg 1536w, https:\/\/gsara.tv\/lenversdudecor\/wp-content\/uploads\/2022\/10\/CARRE-SERVEURS-2048x2048.jpg 2048w, https:\/\/gsara.tv\/lenversdudecor\/wp-content\/uploads\/2022\/10\/CARRE-SERVEURS-100x100.jpg 100w\" sizes=\"auto, (max-width: 706px) 89vw, (max-width: 767px) 82vw, 740px\" \/><\/figure><div class=\"wp-block-media-text__content\">\n<p><em>Les besoins \u00e9nerg\u00e9tiques explosent alors que l\u2019on a besoin de plus en plus de place sur des serveurs pour stocker les donn\u00e9es des citoyens.<\/em> <em>Stockage des donn\u00e9es qui pose par ailleurs des questions bien plus larges que la simple protection des donn\u00e9es&nbsp;: ainsi, les services publics, assurant jusqu\u2019ici un acc\u00e8s inconditionnel aux citoyens, l\u2019autorise d\u00e9sormais en \u00e9change de la captation de ce que l\u2019on appelle l\u2019empreinte num\u00e9rique. Voir \u00e0 ce sujet les travaux d\u2019Antoinette Rouvroy sur la donn\u00e9e brute.<\/em><\/p>\n<\/div><\/div>\n\n\n\n<p><\/p>\n","protected":false},"excerpt":{"rendered":"<p>Nous pr\u00e9sentons ici les diff\u00e9rents \u00e9l\u00e9ments de r\u00e9flexion qui ont men\u00e9 \u00e0 la cr\u00e9ation du visuel de cette campagne.<\/p>\n","protected":false},"author":1,"featured_media":159,"comment_status":"open","ping_status":"open","sticky":false,"template":"","format":"standard","meta":{"_mi_skip_tracking":false,"footnotes":""},"categories":[14],"tags":[],"class_list":["post-1","post","type-post","status-publish","format-standard","has-post-thumbnail","hentry","category-infographie"],"_links":{"self":[{"href":"https:\/\/gsara.tv\/lenversdudecor\/wp-json\/wp\/v2\/posts\/1","targetHints":{"allow":["GET"]}}],"collection":[{"href":"https:\/\/gsara.tv\/lenversdudecor\/wp-json\/wp\/v2\/posts"}],"about":[{"href":"https:\/\/gsara.tv\/lenversdudecor\/wp-json\/wp\/v2\/types\/post"}],"author":[{"embeddable":true,"href":"https:\/\/gsara.tv\/lenversdudecor\/wp-json\/wp\/v2\/users\/1"}],"replies":[{"embeddable":true,"href":"https:\/\/gsara.tv\/lenversdudecor\/wp-json\/wp\/v2\/comments?post=1"}],"version-history":[{"count":15,"href":"https:\/\/gsara.tv\/lenversdudecor\/wp-json\/wp\/v2\/posts\/1\/revisions"}],"predecessor-version":[{"id":272,"href":"https:\/\/gsara.tv\/lenversdudecor\/wp-json\/wp\/v2\/posts\/1\/revisions\/272"}],"wp:featuredmedia":[{"embeddable":true,"href":"https:\/\/gsara.tv\/lenversdudecor\/wp-json\/wp\/v2\/media\/159"}],"wp:attachment":[{"href":"https:\/\/gsara.tv\/lenversdudecor\/wp-json\/wp\/v2\/media?parent=1"}],"wp:term":[{"taxonomy":"category","embeddable":true,"href":"https:\/\/gsara.tv\/lenversdudecor\/wp-json\/wp\/v2\/categories?post=1"},{"taxonomy":"post_tag","embeddable":true,"href":"https:\/\/gsara.tv\/lenversdudecor\/wp-json\/wp\/v2\/tags?post=1"}],"curies":[{"name":"wp","href":"https:\/\/api.w.org\/{rel}","templated":true}]}}