{"id":127,"date":"2022-09-20T15:54:11","date_gmt":"2022-09-20T13:54:11","guid":{"rendered":"https:\/\/gsara.tv\/campagne2022\/?p=127"},"modified":"2022-10-14T18:21:47","modified_gmt":"2022-10-14T16:21:47","slug":"numerique-de-terrain","status":"publish","type":"post","link":"https:\/\/gsara.tv\/lenversdudecor\/numerique-de-terrain\/","title":{"rendered":"Num\u00e9rique de terrain \u2013 Reprendre la main \u00e0 la face \u00e0 la digitalisation du monde"},"content":{"rendered":"\n<p><strong>Les 14 juin et 7 octobre derniers, deux journ\u00e9es intitul\u00e9es \u00ab\u00a0Num\u00e9rique de terrain \u2013 Reprendre la main face \u00e0 la digitalisation du monde\u00a0\u00bb ont \u00e9t\u00e9 organis\u00e9es par le collectif PUNCH. Avant de publier les conclusions de ces journ\u00e9es, nous republions ici le riche programme propos\u00e9 alors.<\/strong><\/p>\n\n\n\n<p>Suite \u00e0 la journ\u00e9e de formation du 14 juin dernier <a href=\"https:\/\/gsara.be\/evenement\/numerique-de-terrain-table-ronde\/\">\u00a0\u00bb Num\u00e9rique de terrain &#8211; Reprendre la main face \u00e0 la digitalisation du monde\u00a0\u00bb<\/a> propos\u00e9e dans le cadre du cycle \u00ab\u00a0Pour un num\u00e9rique humain et critique\u00a0\u00bb et de la campagne du GSARA, le collectif PUNCH (Pointculture, Action Cin\u00e9ma M\u00e9dia Jeunes, Centre Librex, Cesep, Culture &amp; D\u00e9mocratie, Gsara, La Concertation ASBL &#8211; Action Culturelle Bruxelloise, La Maison du Livre, CFS-ep asbl, PAC et La Revue Nouvelle) vous propose une nouvelle journ\u00e9e de formation.<\/p>\n\n\n\n<p>Nous avions entam\u00e9 la journ\u00e9e pr\u00e9c\u00e9dente avec des actions en cours. Nous constatons en effet qu\u2019il y a beaucoup d\u2019initiatives et d\u2019exp\u00e9rimentations&nbsp;: diff\u00e9rentes mobilisations pour des accueils en pr\u00e9sentiel, des tentatives de d\u2019amener des codes et des r\u00e8gles \u00e0 la num\u00e9risation, des discours tr\u00e8s construits sur ce qui ne peut pas se num\u00e9riser, des recherches \u00e0 partir des exp\u00e9riences directes.<\/p>\n\n\n\n<p>Celles-ci permettent un savoir pr\u00e9cis et plus local sur comment les choses sont modifi\u00e9es, mais aussi d\u2019\u00e9tablir un rapport plus actif avec ces changements. Non plus les subir passivement parce que c\u2019est le progr\u00e8s, ni m\u00eame se contenter de les d\u00e9plorer, mais tenter d\u2019avoir une place dans ceux-ci, les contradictions de plus en plus criantes entre promesses et annonces d\u2019un c\u00f4t\u00e9, et r\u00e9alit\u00e9 de l\u2019autre.<\/p>\n\n\n\n<p>Nous continuerons \u00e0 apporter une attention particuli\u00e8re aux nombreuses mobilisations et actions en cours et \u00e0 venir prochainement sur le terrain et \u00e0 la pluralit\u00e9 des revendications que chacune d\u2019entre elles portent, de l\u2019importance de rendre visible le travail humain qui, derri\u00e8re les fermetures des guichets, permet de continuer \u00e0 faire fonctionner les choses, au financement appropri\u00e9 \u00e0 apporter aux structures de premi\u00e8re ligne.<\/p>\n\n\n\n<p>Alors que le tr\u00e8s officiel Barom\u00e8tre de l\u2019inclusion num\u00e9rique montre dans sa toute nouvelle parution que la continuation des politiques publiques vers une num\u00e9risation accrue ne fait qu\u2019aggraver les in\u00e9galit\u00e9s sociales, et alors que la R\u00e9gion de Bruxelles-Capitale, via le cabinet du Ministre Clerfayt se pr\u00e9pare \u00e0 faire passer son ordonnance \u2018Bruxelles num\u00e9rique\u2019, ent\u00e9rinant le \u2018Digital first\u2019, et pr\u00e9parant ainsi le \u2018Digital only\u2019 \u00e0 venir, il s\u2019agit enfin d\u2019imposer la probl\u00e9matisation du num\u00e9rique&nbsp;: \u00e9largir la trop simple consid\u00e9ration technique pour la faire appara\u00eetre dans ce qu\u2019elle induit et modifie au-del\u00e0 de ses usages, c\u2019est-\u00e0-dire dans sa dimension enti\u00e8re, sociale, culturelle et politique.<\/p>\n\n\n\n<p>Ces trois axes ne r\u00e9sument pas l\u2019ensemble du travail r\u00e9alis\u00e9 et \u00e0 r\u00e9aliser. Par ailleurs ils sont bien entendu interconnect\u00e9s et ne peuvent \u00eatre isol\u00e9s les uns des autres. Pour s\u2019en occuper il faut aller au-del\u00e0 de nos fonctions, nos missions, nos places. C\u2019est une des donn\u00e9es du probl\u00e8me&nbsp;: si chacun reste \u00e0 sa place, la num\u00e9risation se fait avec une relative passivit\u00e9. Mais si on sort un peu du cadre strict de nos missions, il devient possible de penser cette num\u00e9risation mais aussi tout un monde b\u00e2ti autour de l\u2019\u00e9tat social actif et d\u2019autres politiques n\u00e9olib\u00e9rales qui rendent possible la num\u00e9risation telle qu\u2019elle s\u2019impose \u00e0 nous aujourd\u2019hui. Alors il pourrait \u00eatre question non pas de demander de garder un peu les choses comme avant, mais d\u2019emprunter d\u2019autres chemins.<\/p>\n\n\n\n<p><strong>&#8212;&#8212;&#8211;<\/strong><\/p>\n\n\n\n<p>AU PROGRAMME<\/p>\n\n\n\n<p>La matin\u00e9e sera divis\u00e9e en deux parties.<br>Nous voudrions, d\u2019abord, aller le plus loin possible dans la compr\u00e9hension de ce qui nous arrive, donner la parole \u00e0 cinq exp\u00e9riences en cours qui s\u2019attachent \u00e0 avoir leur mot \u00e0 dire dans la num\u00e9risation. Penser ensemble les exp\u00e9riences en cours.<br>La deuxi\u00e8me partie de la matin\u00e9e sera consacr\u00e9e a un expos\u00e9 des politiques publiques en mati\u00e8re de num\u00e9rique.<\/p>\n\n\n\n<p>L\u2019 apr\u00e8s-midi, nous aimerions continuer dans l\u2019\u00e9laboration et la r\u00e9daction des pistes de travail d\u00e9j\u00e0 entam\u00e9es. Formuler le probl\u00e8me, qui est loin de se r\u00e9sumer \u00e0 un manque d\u2019ordinateurs. Proposer des pistes d\u2019action, des lieux, des moments, des domaines\u2026 non num\u00e9risables. Imaginer aussi d\u2019autres mani\u00e8res de num\u00e9riser. Travailler un plaidoyer, mais aussi des actions sur le terrain, ensemble.<\/p>\n","protected":false},"excerpt":{"rendered":"<p>Les 14 juin et 7 octobre derniers, deux journ\u00e9es intitul\u00e9es \u00ab Num\u00e9rique de terrain \u2013 Reprendre la main face \u00e0 la digitalisation du monde \u00bb ont \u00e9t\u00e9 organis\u00e9es par le collectif PUNCH. Avant de publier les conclusions de ces journ\u00e9es, nous pr\u00e9sentons ici le riche programme propos\u00e9 alors.<\/p>\n","protected":false},"author":2,"featured_media":210,"comment_status":"open","ping_status":"open","sticky":false,"template":"","format":"standard","meta":{"_mi_skip_tracking":false,"footnotes":""},"categories":[4],"tags":[],"class_list":["post-127","post","type-post","status-publish","format-standard","has-post-thumbnail","hentry","category-articles-articles"],"_links":{"self":[{"href":"https:\/\/gsara.tv\/lenversdudecor\/wp-json\/wp\/v2\/posts\/127","targetHints":{"allow":["GET"]}}],"collection":[{"href":"https:\/\/gsara.tv\/lenversdudecor\/wp-json\/wp\/v2\/posts"}],"about":[{"href":"https:\/\/gsara.tv\/lenversdudecor\/wp-json\/wp\/v2\/types\/post"}],"author":[{"embeddable":true,"href":"https:\/\/gsara.tv\/lenversdudecor\/wp-json\/wp\/v2\/users\/2"}],"replies":[{"embeddable":true,"href":"https:\/\/gsara.tv\/lenversdudecor\/wp-json\/wp\/v2\/comments?post=127"}],"version-history":[{"count":5,"href":"https:\/\/gsara.tv\/lenversdudecor\/wp-json\/wp\/v2\/posts\/127\/revisions"}],"predecessor-version":[{"id":238,"href":"https:\/\/gsara.tv\/lenversdudecor\/wp-json\/wp\/v2\/posts\/127\/revisions\/238"}],"wp:featuredmedia":[{"embeddable":true,"href":"https:\/\/gsara.tv\/lenversdudecor\/wp-json\/wp\/v2\/media\/210"}],"wp:attachment":[{"href":"https:\/\/gsara.tv\/lenversdudecor\/wp-json\/wp\/v2\/media?parent=127"}],"wp:term":[{"taxonomy":"category","embeddable":true,"href":"https:\/\/gsara.tv\/lenversdudecor\/wp-json\/wp\/v2\/categories?post=127"},{"taxonomy":"post_tag","embeddable":true,"href":"https:\/\/gsara.tv\/lenversdudecor\/wp-json\/wp\/v2\/tags?post=127"}],"curies":[{"name":"wp","href":"https:\/\/api.w.org\/{rel}","templated":true}]}}